{"id":13015,"date":"2024-07-23T14:57:10","date_gmt":"2024-07-23T12:57:10","guid":{"rendered":"https:\/\/nailted.com\/blog\/?p=13015"},"modified":"2024-12-11T14:22:30","modified_gmt":"2024-12-11T13:22:30","slug":"como-medir-el-clima-laboral","status":"publish","type":"post","link":"https:\/\/nailted.com\/blog\/es\/como-medir-el-clima-laboral\/","title":{"rendered":"C\u00f3mo medir el clima laboral: 8 indicadores clave [ + Plantilla para Encuestas ]"},"content":{"rendered":"\t\t<div data-elementor-type=\"wp-post\" data-elementor-id=\"13015\" class=\"elementor elementor-13015\">\n\t\t\t\t\t\t<section class=\"elementor-section elementor-top-section elementor-element elementor-element-0005f62 elementor-section-boxed elementor-section-height-default elementor-section-height-default\" data-id=\"0005f62\" data-element_type=\"section\" data-settings=\"{&quot;jet_parallax_layout_list&quot;:[{&quot;jet_parallax_layout_image&quot;:{&quot;url&quot;:&quot;&quot;,&quot;id&quot;:&quot;&quot;,&quot;size&quot;:&quot;&quot;},&quot;_id&quot;:&quot;d9caed7&quot;,&quot;jet_parallax_layout_image_tablet&quot;:{&quot;url&quot;:&quot;&quot;,&quot;id&quot;:&quot;&quot;,&quot;size&quot;:&quot;&quot;},&quot;jet_parallax_layout_image_mobile&quot;:{&quot;url&quot;:&quot;&quot;,&quot;id&quot;:&quot;&quot;,&quot;size&quot;:&quot;&quot;},&quot;jet_parallax_layout_speed&quot;:{&quot;unit&quot;:&quot;%&quot;,&quot;size&quot;:50,&quot;sizes&quot;:[]},&quot;jet_parallax_layout_type&quot;:&quot;scroll&quot;,&quot;jet_parallax_layout_direction&quot;:&quot;1&quot;,&quot;jet_parallax_layout_fx_direction&quot;:null,&quot;jet_parallax_layout_z_index&quot;:&quot;&quot;,&quot;jet_parallax_layout_bg_x&quot;:50,&quot;jet_parallax_layout_bg_x_tablet&quot;:&quot;&quot;,&quot;jet_parallax_layout_bg_x_mobile&quot;:&quot;&quot;,&quot;jet_parallax_layout_bg_y&quot;:50,&quot;jet_parallax_layout_bg_y_tablet&quot;:&quot;&quot;,&quot;jet_parallax_layout_bg_y_mobile&quot;:&quot;&quot;,&quot;jet_parallax_layout_bg_size&quot;:&quot;auto&quot;,&quot;jet_parallax_layout_bg_size_tablet&quot;:&quot;&quot;,&quot;jet_parallax_layout_bg_size_mobile&quot;:&quot;&quot;,&quot;jet_parallax_layout_animation_prop&quot;:&quot;transform&quot;,&quot;jet_parallax_layout_on&quot;:[&quot;desktop&quot;,&quot;tablet&quot;]}]}\">\n\t\t\t\t\t\t<div class=\"elementor-container elementor-column-gap-default\">\n\t\t\t\t\t<div class=\"elementor-column elementor-col-100 elementor-top-column elementor-element elementor-element-4462d93\" data-id=\"4462d93\" data-element_type=\"column\">\n\t\t\t<div class=\"elementor-widget-wrap elementor-element-populated\">\n\t\t\t\t\t\t<div class=\"elementor-element elementor-element-02e584f elementor-widget elementor-widget-text-editor\" data-id=\"02e584f\" data-element_type=\"widget\" data-widget_type=\"text-editor.default\">\n\t\t\t\t<div class=\"elementor-widget-container\">\n\t\t\t\t\t\t\t<p><span style=\"font-weight: 400;\">Saber c\u00f3mo medir el clima laboral nos permite <\/span><b>transformar en datos las percepciones y sentimientos de los empleados<\/b><span style=\"font-weight: 400;\"> sobre su entorno de trabajo. Con estos datos en la mano, segmentados y organizados de forma acorde, los equipos de People podemos dise\u00f1ar acciones que mejoren los resultados y, por ende, la experiencia de nuestros empleados.\u00a0<\/span><\/p>\t\t\t\t\t\t<\/div>\n\t\t\t\t<\/div>\n\t\t\t\t<div class=\"elementor-element elementor-element-59c3f14 elementor-widget elementor-widget-text-editor\" data-id=\"59c3f14\" data-element_type=\"widget\" data-widget_type=\"text-editor.default\">\n\t\t\t\t<div class=\"elementor-widget-container\">\n\t\t\t\t\t\t\t<p><span style=\"font-weight: 400;\">En este \u00faltimo a\u00f1o, <\/span><a href=\"https:\/\/nailted.com\/blog\/es\/analisis-de-la-experiencia-del-empleado-tech\/\"><b>el eNPS ha disminuido 16 puntos<\/b><\/a><b> con respecto al a\u00f1o anterior, situ\u00e1ndose en un +21<\/b><span style=\"font-weight: 400;\">. Saber c\u00f3mo medir el clima laboral de forma correcta nos va a permitir conocer al detalle qu\u00e9 est\u00e1 fallando para poder corregirlo. \u00bfEchan en falta planes de carrera? \u00bfNo est\u00e1n alineados con la misi\u00f3n y valores? \u00bfNo se sienten respaldados por sus managers? Podremos adelantarnos a otra posible bajada del eNPS acertando con acciones que impacten directamente en aquello que m\u00e1s preocupa a los empleados.<\/span><\/p>\t\t\t\t\t\t<\/div>\n\t\t\t\t<\/div>\n\t\t\t\t<div class=\"elementor-element elementor-element-4a28a37 elementor-widget elementor-widget-text-editor\" data-id=\"4a28a37\" data-element_type=\"widget\" data-widget_type=\"text-editor.default\">\n\t\t\t\t<div class=\"elementor-widget-container\">\n\t\t\t\t\t\t\t<p><b>\u00bfQuieres saber c\u00f3mo medir el clima laboral?\u00a0 Aqu\u00ed te dejamos una <\/b><a href=\"https:\/\/nailted.com\/blog\/es\/preguntas-para-tu-encuesta-de-bienestar-laboral\/\"><b>plantilla con 100 preguntas de clima laboral<\/b><\/a><b> \ud83d\udc47<\/b><\/p>\t\t\t\t\t\t<\/div>\n\t\t\t\t<\/div>\n\t\t\t\t<div class=\"elementor-element elementor-element-99efc38 elementor-widget elementor-widget-text-editor\" data-id=\"99efc38\" data-element_type=\"widget\" data-widget_type=\"text-editor.default\">\n\t\t\t\t<div class=\"elementor-widget-container\">\n\t\t\t\t\t\t\t<div style=\"display: none;\">[content_upgrade cu_id=&#8221;12821&#8243;][\/content_upgrade]<\/div>\n<a class=\"cu-popup\" href=\"#cu_12821\">\n<img class=\" lazyloaded\" src=\"https:\/\/nailted.com\/blog\/wp-content\/uploads\/2024\/09\/Banner-plantilla-de-encuestas-para-medir-el-clima-laboral.jpg\" alt=\"Banner plantilla de encuestas para medir el clima laboral\" data-src=\"\/assets\/images\/home\/people.jpg\" \/>\n<\/a>\t\t\t\t\t\t<\/div>\n\t\t\t\t<\/div>\n\t\t\t\t\t<\/div>\n\t\t<\/div>\n\t\t\t\t\t<\/div>\n\t\t<\/section>\n\t\t\t\t<section class=\"elementor-section elementor-top-section elementor-element elementor-element-3461226 elementor-section-boxed elementor-section-height-default elementor-section-height-default\" data-id=\"3461226\" data-element_type=\"section\" data-settings=\"{&quot;jet_parallax_layout_list&quot;:[{&quot;jet_parallax_layout_image&quot;:{&quot;url&quot;:&quot;&quot;,&quot;id&quot;:&quot;&quot;,&quot;size&quot;:&quot;&quot;},&quot;_id&quot;:&quot;a03afdf&quot;,&quot;jet_parallax_layout_image_tablet&quot;:{&quot;url&quot;:&quot;&quot;,&quot;id&quot;:&quot;&quot;,&quot;size&quot;:&quot;&quot;},&quot;jet_parallax_layout_image_mobile&quot;:{&quot;url&quot;:&quot;&quot;,&quot;id&quot;:&quot;&quot;,&quot;size&quot;:&quot;&quot;},&quot;jet_parallax_layout_speed&quot;:{&quot;unit&quot;:&quot;%&quot;,&quot;size&quot;:50,&quot;sizes&quot;:[]},&quot;jet_parallax_layout_type&quot;:&quot;scroll&quot;,&quot;jet_parallax_layout_direction&quot;:&quot;1&quot;,&quot;jet_parallax_layout_fx_direction&quot;:null,&quot;jet_parallax_layout_z_index&quot;:&quot;&quot;,&quot;jet_parallax_layout_bg_x&quot;:50,&quot;jet_parallax_layout_bg_x_tablet&quot;:&quot;&quot;,&quot;jet_parallax_layout_bg_x_mobile&quot;:&quot;&quot;,&quot;jet_parallax_layout_bg_y&quot;:50,&quot;jet_parallax_layout_bg_y_tablet&quot;:&quot;&quot;,&quot;jet_parallax_layout_bg_y_mobile&quot;:&quot;&quot;,&quot;jet_parallax_layout_bg_size&quot;:&quot;auto&quot;,&quot;jet_parallax_layout_bg_size_tablet&quot;:&quot;&quot;,&quot;jet_parallax_layout_bg_size_mobile&quot;:&quot;&quot;,&quot;jet_parallax_layout_animation_prop&quot;:&quot;transform&quot;,&quot;jet_parallax_layout_on&quot;:[&quot;desktop&quot;,&quot;tablet&quot;]}]}\">\n\t\t\t\t\t\t<div class=\"elementor-container elementor-column-gap-default\">\n\t\t\t\t\t<div class=\"elementor-column elementor-col-100 elementor-top-column elementor-element elementor-element-568c838\" data-id=\"568c838\" data-element_type=\"column\">\n\t\t\t<div class=\"elementor-widget-wrap elementor-element-populated\">\n\t\t\t\t\t\t\t<\/div>\n\t\t<\/div>\n\t\t\t\t\t<\/div>\n\t\t<\/section>\n\t\t\t\t<section class=\"elementor-section elementor-top-section elementor-element elementor-element-3bccb3d elementor-section-boxed elementor-section-height-default elementor-section-height-default\" data-id=\"3bccb3d\" data-element_type=\"section\" data-settings=\"{&quot;jet_parallax_layout_list&quot;:[{&quot;jet_parallax_layout_image&quot;:{&quot;url&quot;:&quot;&quot;,&quot;id&quot;:&quot;&quot;,&quot;size&quot;:&quot;&quot;},&quot;_id&quot;:&quot;a13e87b&quot;,&quot;jet_parallax_layout_image_tablet&quot;:{&quot;url&quot;:&quot;&quot;,&quot;id&quot;:&quot;&quot;,&quot;size&quot;:&quot;&quot;},&quot;jet_parallax_layout_image_mobile&quot;:{&quot;url&quot;:&quot;&quot;,&quot;id&quot;:&quot;&quot;,&quot;size&quot;:&quot;&quot;},&quot;jet_parallax_layout_speed&quot;:{&quot;unit&quot;:&quot;%&quot;,&quot;size&quot;:50,&quot;sizes&quot;:[]},&quot;jet_parallax_layout_type&quot;:&quot;scroll&quot;,&quot;jet_parallax_layout_direction&quot;:&quot;1&quot;,&quot;jet_parallax_layout_fx_direction&quot;:null,&quot;jet_parallax_layout_z_index&quot;:&quot;&quot;,&quot;jet_parallax_layout_bg_x&quot;:50,&quot;jet_parallax_layout_bg_x_tablet&quot;:&quot;&quot;,&quot;jet_parallax_layout_bg_x_mobile&quot;:&quot;&quot;,&quot;jet_parallax_layout_bg_y&quot;:50,&quot;jet_parallax_layout_bg_y_tablet&quot;:&quot;&quot;,&quot;jet_parallax_layout_bg_y_mobile&quot;:&quot;&quot;,&quot;jet_parallax_layout_bg_size&quot;:&quot;auto&quot;,&quot;jet_parallax_layout_bg_size_tablet&quot;:&quot;&quot;,&quot;jet_parallax_layout_bg_size_mobile&quot;:&quot;&quot;,&quot;jet_parallax_layout_animation_prop&quot;:&quot;transform&quot;,&quot;jet_parallax_layout_on&quot;:[&quot;desktop&quot;,&quot;tablet&quot;]}]}\">\n\t\t\t\t\t\t<div class=\"elementor-container elementor-column-gap-default\">\n\t\t\t\t\t<div class=\"elementor-column elementor-col-100 elementor-top-column elementor-element elementor-element-e296dcf\" data-id=\"e296dcf\" data-element_type=\"column\">\n\t\t\t<div class=\"elementor-widget-wrap elementor-element-populated\">\n\t\t\t\t\t\t<div class=\"elementor-element elementor-element-ba0099a elementor-widget elementor-widget-heading\" data-id=\"ba0099a\" data-element_type=\"widget\" data-widget_type=\"heading.default\">\n\t\t\t\t<div class=\"elementor-widget-container\">\n\t\t\t<h2 class=\"elementor-heading-title elementor-size-default\">Qu\u00e9 es el clima laboral<\/h2>\t\t<\/div>\n\t\t\t\t<\/div>\n\t\t\t\t<div class=\"elementor-element elementor-element-bb9d610 elementor-widget elementor-widget-text-editor\" data-id=\"bb9d610\" data-element_type=\"widget\" data-widget_type=\"text-editor.default\">\n\t\t\t\t<div class=\"elementor-widget-container\">\n\t\t\t\t\t\t\t<p><span style=\"font-weight: 400;\">Como adelantamos al inicio, el clima laboral, tambi\u00e9n conocido como clima organizacional, es un <\/span><b>concepto que nos permite entender c\u00f3mo se sienten los empleados en su lugar de trabajo<\/b><span style=\"font-weight: 400;\">. El clima laboral no se rige por un \u00fanico dato, hay muchos factores que entran en juego y es mucho lo que debemos tener en cuenta para conseguir el contexto completo que nos permita tomar partido en la mejora de la experiencia de nuestros empleados.<\/span><\/p>\t\t\t\t\t\t<\/div>\n\t\t\t\t<\/div>\n\t\t\t\t<div class=\"elementor-element elementor-element-cd6ee4a elementor-widget elementor-widget-text-editor\" data-id=\"cd6ee4a\" data-element_type=\"widget\" data-widget_type=\"text-editor.default\">\n\t\t\t\t<div class=\"elementor-widget-container\">\n\t\t\t\t\t\t\t<p><span style=\"font-weight: 400;\">Entonces, <\/span><b>\u00bfc\u00f3mo podemos medir el clima laboral de forma efectiva? <\/b><span style=\"font-weight: 400;\">Como dec\u00edamos, el clima laboral recoge muchos factores, pero si sabemos cu\u00e1les son y c\u00f3mo medir cada uno de ellos, se vuelve m\u00e1s sencillo. M\u00e1s adelante hablaremos sobre cu\u00e1les son esos factores que podemos tomar como indicadores del clima laboral y c\u00f3mo medirlos.<\/span><\/p>\t\t\t\t\t\t<\/div>\n\t\t\t\t<\/div>\n\t\t\t\t<div class=\"elementor-element elementor-element-102415b elementor-widget elementor-widget-text-editor\" data-id=\"102415b\" data-element_type=\"widget\" data-widget_type=\"text-editor.default\">\n\t\t\t\t<div class=\"elementor-widget-container\">\n\t\t\t\t\t\t\t<p><span style=\"font-weight: 400;\">Siempre debemos tener en cuenta que un clima positivo puede fomentar el compromiso, la colaboraci\u00f3n entre compa\u00f1eros y la innovaci\u00f3n en los equipos. Mientras que un clima negativo puede derivar en insatisfacci\u00f3n, una disminuci\u00f3n del rendimiento y, en \u00faltima instancia, un aumento de la rotaci\u00f3n.<\/span><\/p>\t\t\t\t\t\t<\/div>\n\t\t\t\t<\/div>\n\t\t\t\t\t<\/div>\n\t\t<\/div>\n\t\t\t\t\t<\/div>\n\t\t<\/section>\n\t\t\t\t<section class=\"elementor-section elementor-top-section elementor-element elementor-element-40e24de elementor-section-boxed elementor-section-height-default elementor-section-height-default\" data-id=\"40e24de\" data-element_type=\"section\" data-settings=\"{&quot;jet_parallax_layout_list&quot;:[{&quot;jet_parallax_layout_image&quot;:{&quot;url&quot;:&quot;&quot;,&quot;id&quot;:&quot;&quot;,&quot;size&quot;:&quot;&quot;},&quot;_id&quot;:&quot;a13e87b&quot;,&quot;jet_parallax_layout_image_tablet&quot;:{&quot;url&quot;:&quot;&quot;,&quot;id&quot;:&quot;&quot;,&quot;size&quot;:&quot;&quot;},&quot;jet_parallax_layout_image_mobile&quot;:{&quot;url&quot;:&quot;&quot;,&quot;id&quot;:&quot;&quot;,&quot;size&quot;:&quot;&quot;},&quot;jet_parallax_layout_speed&quot;:{&quot;unit&quot;:&quot;%&quot;,&quot;size&quot;:50,&quot;sizes&quot;:[]},&quot;jet_parallax_layout_type&quot;:&quot;scroll&quot;,&quot;jet_parallax_layout_direction&quot;:&quot;1&quot;,&quot;jet_parallax_layout_fx_direction&quot;:null,&quot;jet_parallax_layout_z_index&quot;:&quot;&quot;,&quot;jet_parallax_layout_bg_x&quot;:50,&quot;jet_parallax_layout_bg_x_tablet&quot;:&quot;&quot;,&quot;jet_parallax_layout_bg_x_mobile&quot;:&quot;&quot;,&quot;jet_parallax_layout_bg_y&quot;:50,&quot;jet_parallax_layout_bg_y_tablet&quot;:&quot;&quot;,&quot;jet_parallax_layout_bg_y_mobile&quot;:&quot;&quot;,&quot;jet_parallax_layout_bg_size&quot;:&quot;auto&quot;,&quot;jet_parallax_layout_bg_size_tablet&quot;:&quot;&quot;,&quot;jet_parallax_layout_bg_size_mobile&quot;:&quot;&quot;,&quot;jet_parallax_layout_animation_prop&quot;:&quot;transform&quot;,&quot;jet_parallax_layout_on&quot;:[&quot;desktop&quot;,&quot;tablet&quot;]}]}\">\n\t\t\t\t\t\t<div class=\"elementor-container elementor-column-gap-default\">\n\t\t\t\t\t<div class=\"elementor-column elementor-col-100 elementor-top-column elementor-element elementor-element-4d25cdb\" data-id=\"4d25cdb\" data-element_type=\"column\">\n\t\t\t<div class=\"elementor-widget-wrap elementor-element-populated\">\n\t\t\t\t\t\t<div class=\"elementor-element elementor-element-81bdf91 elementor-widget elementor-widget-heading\" data-id=\"81bdf91\" data-element_type=\"widget\" data-widget_type=\"heading.default\">\n\t\t\t\t<div class=\"elementor-widget-container\">\n\t\t\t<h2 class=\"elementor-heading-title elementor-size-default\">La importancia de un buen clima laboral<\/h2>\t\t<\/div>\n\t\t\t\t<\/div>\n\t\t\t\t<div class=\"elementor-element elementor-element-6003db2 elementor-widget elementor-widget-text-editor\" data-id=\"6003db2\" data-element_type=\"widget\" data-widget_type=\"text-editor.default\">\n\t\t\t\t<div class=\"elementor-widget-container\">\n\t\t\t\t\t\t\t<p><b>El impacto del clima laboral en la organizaci\u00f3n se asemeja mucho a c\u00f3mo impactan el resto de relaciones en nuestro bienestar personal.<\/b><span style=\"font-weight: 400;\"> Si nos rodeamos de una familia que nos escucha, reconoce nuestros esfuerzos y nos valora, nuestro bienestar estar\u00e1 por las nubes y sentiremos que convivimos en un entorno seguro. Sin embargo, si nos rodeamos de amigos que nunca est\u00e1n dispuestos a echarnos una mano, les celan nuestros triunfos y no se alegran por lo bueno que nos ocurre, experimentaremos un gran deseo de alejarnos.<\/span><\/p>\t\t\t\t\t\t<\/div>\n\t\t\t\t<\/div>\n\t\t\t\t<div class=\"elementor-element elementor-element-2dabf6e elementor-widget elementor-widget-text-editor\" data-id=\"2dabf6e\" data-element_type=\"widget\" data-widget_type=\"text-editor.default\">\n\t\t\t\t<div class=\"elementor-widget-container\">\n\t\t\t\t\t\t\t<p><span style=\"font-weight: 400;\">En el entorno laboral ocurre lo mismo. En una empresa donde los empleados sienten que se prima su bienestar, se sentir\u00e1n comprometidos, motivados y valorados, ayudando a mejorar la productividad y la eficiencia en la empresa. Por el contrario, en una empresa donde <\/span><b>los empleados est\u00e1n sometidos a altos niveles de estr\u00e9s e insatisfacci\u00f3n, el resultado puede ser una alta rotaci\u00f3n de personal<\/b><span style=\"font-weight: 400;\"> y un descenso del rendimiento organizacional.\u00a0<\/span><\/p>\t\t\t\t\t\t<\/div>\n\t\t\t\t<\/div>\n\t\t\t\t<div class=\"elementor-element elementor-element-de9c311 elementor-widget elementor-widget-text-editor\" data-id=\"de9c311\" data-element_type=\"widget\" data-widget_type=\"text-editor.default\">\n\t\t\t\t<div class=\"elementor-widget-container\">\n\t\t\t\t\t\t\t<p><b>\u00bfEn qu\u00e9 aspectos tiene un mayor impacto el clima organizacional?<\/b><\/p>\t\t\t\t\t\t<\/div>\n\t\t\t\t<\/div>\n\t\t\t\t<div class=\"elementor-element elementor-element-d7ef53e elementor-widget elementor-widget-text-editor\" data-id=\"d7ef53e\" data-element_type=\"widget\" data-widget_type=\"text-editor.default\">\n\t\t\t\t<div class=\"elementor-widget-container\">\n\t\t\t\t\t\t\t<ul><li aria-level=\"1\"><b>Fidelizaci\u00f3n de empleados: <\/b><span style=\"font-weight: 400;\">los empleados que se sienten satisfechos y valorados en su lugar de trabajo no suelen buscar otras oportunidades laborales. Esto reduce mucho los <\/span><span style=\"font-weight: 400;\">costes de rotaci\u00f3n<\/span><span style=\"font-weight: 400;\">, contrataci\u00f3n y formaci\u00f3n de nuevos empleados. Adem\u00e1s de preservar el conocimiento y la experiencia dentro de la organizaci\u00f3n.\u00a0<\/span><\/li><li aria-level=\"1\"><b>Productividad: <\/b><span style=\"font-weight: 400;\">cuando los empleados se sienten felices y valorados, es m\u00e1s probable que est\u00e9n motivados hacia el cumplimiento de sus objetivos. Un entorno de trabajo positivo favorece la concentraci\u00f3n, lo que permite a los empleados desempe\u00f1ar sus tareas de manera m\u00e1s eficiente, aumentando tambi\u00e9n la calidad. Adem\u00e1s, un buen clima laboral tambi\u00e9n genera un impacto muy positivo sobre la colaboraci\u00f3n y el trabajo en equipo, lo que contribuye a una mayor productividad.<\/span><\/li><li aria-level=\"1\"><b>Innovaci\u00f3n: <\/b><span style=\"font-weight: 400;\">un clima laboral positivo fomenta la creatividad y la innovaci\u00f3n al permitir que los empleados se sientan seguros al compartir sus ideas, sabiendo que fallar es una opci\u00f3n totalmente saludable. En un entorno donde se valora la innovaci\u00f3n, los empleados est\u00e1n m\u00e1s dispuestos a colaborar para mejorar los procesos proponiendo soluciones innovadoras. <\/span><\/li><li aria-level=\"1\"><b>Cultura organizacional: <\/b><span style=\"font-weight: 400;\">un clima organizacional positivo y coherente puede alinearse con los valores y objetivos de la empresa, creando un sentido de prop\u00f3sito y direcci\u00f3n entre los empleados. Esto mejora la cohesi\u00f3n del equipo y fortalece el sentido de pertenencia, lo que a su vez puede aumentar el compromiso laboral y la motivaci\u00f3n.\u00a0<\/span><\/li><li aria-level=\"1\"><b>Salud y bienestar: <\/b><span style=\"font-weight: 400;\">un entorno de trabajo positivo reduce el estr\u00e9s y mejora la salud mental de los empleados. Esto deriva en una reducci\u00f3n del burnout laboral y del ausentismo. Adem\u00e1s, los empleados que se sienten escuchados y valorados tienden a tener una mayor autoestima y satisfacci\u00f3n, lo que <\/span><a href=\"https:\/\/nailted.com\/blog\/es\/que-es-el-bienestar-laboral-tipos-y-objetivos\/\"><span style=\"font-weight: 400;\">contribuye a su bienestar laboral<\/span><\/a><span style=\"font-weight: 400;\">.\u00a0<\/span><\/li><li aria-level=\"1\"><b>Adaptabilidad al cambio: <\/b><span style=\"font-weight: 400;\">en un entorno positivo, los empleados est\u00e1n m\u00e1s dispuestos a adaptarse a nuevas tecnolog\u00edas, procesos o, incluso, cambios en la estructura de la organizaci\u00f3n. Un clima laboral que fomenta la apertura al cambio y la flexibilidad promueve que las organizaciones se mantengan competitivas y relevantes en la industria.<\/span><\/li><li aria-level=\"1\"><b>Reputaci\u00f3n: <\/b><span style=\"font-weight: 400;\">las empresas conocidas por tener un buen clima laboral tienden a atraer al mejor talento. Y no solo al mejor talento, sino a clientes y otras partes interesadas, como inversores o colaboradores.\u00a0<\/span><\/li><li aria-level=\"1\"><b>Comunicaci\u00f3n y colaboraci\u00f3n: <\/b><span style=\"font-weight: 400;\">un clima laboral positivo promueve la transparencia en la comunicaci\u00f3n. Los empleados se sienten m\u00e1s c\u00f3modos compartiendo ideas y preocupaciones, mejorando la resoluci\u00f3n de problemas y la toma de decisiones. Adem\u00e1s, puede fortalecer las relaciones interpersonales y fomentar la colaboraci\u00f3n entre los equipos.<\/span><\/li><\/ul>\t\t\t\t\t\t<\/div>\n\t\t\t\t<\/div>\n\t\t\t\t<div class=\"elementor-element elementor-element-aa99311 elementor-widget elementor-widget-text-editor\" data-id=\"aa99311\" data-element_type=\"widget\" data-widget_type=\"text-editor.default\">\n\t\t\t\t<div class=\"elementor-widget-container\">\n\t\t\t\t\t\t\t<p><span style=\"font-weight: 400;\">Las empresas que invierten en <\/span><b>medir y mejorar su clima laboral pueden esperar ver <a href=\"https:\/\/nailted.com\/blog\/es\/beneficios-del-bienestar-laboral\/\">beneficios sustanciales<\/a> en el \u00e9xito a largo plazo de la organizaci\u00f3n<\/b><span style=\"font-weight: 400;\">. Por lo tanto, es esencial que las empresas consideren medir el clima laboral como una prioridad estrat\u00e9gica y dediquen los recursos necesarios para hacerlo de forma acorde.<\/span><\/p>\t\t\t\t\t\t<\/div>\n\t\t\t\t<\/div>\n\t\t\t\t\t<\/div>\n\t\t<\/div>\n\t\t\t\t\t<\/div>\n\t\t<\/section>\n\t\t\t\t<section class=\"elementor-section elementor-top-section elementor-element elementor-element-b38bb0f elementor-section-boxed elementor-section-height-default elementor-section-height-default\" data-id=\"b38bb0f\" data-element_type=\"section\" data-settings=\"{&quot;jet_parallax_layout_list&quot;:[{&quot;jet_parallax_layout_image&quot;:{&quot;url&quot;:&quot;&quot;,&quot;id&quot;:&quot;&quot;,&quot;size&quot;:&quot;&quot;},&quot;_id&quot;:&quot;f13a572&quot;,&quot;jet_parallax_layout_image_tablet&quot;:{&quot;url&quot;:&quot;&quot;,&quot;id&quot;:&quot;&quot;,&quot;size&quot;:&quot;&quot;},&quot;jet_parallax_layout_image_mobile&quot;:{&quot;url&quot;:&quot;&quot;,&quot;id&quot;:&quot;&quot;,&quot;size&quot;:&quot;&quot;},&quot;jet_parallax_layout_speed&quot;:{&quot;unit&quot;:&quot;%&quot;,&quot;size&quot;:50,&quot;sizes&quot;:[]},&quot;jet_parallax_layout_type&quot;:&quot;scroll&quot;,&quot;jet_parallax_layout_direction&quot;:&quot;1&quot;,&quot;jet_parallax_layout_fx_direction&quot;:null,&quot;jet_parallax_layout_z_index&quot;:&quot;&quot;,&quot;jet_parallax_layout_bg_x&quot;:50,&quot;jet_parallax_layout_bg_x_tablet&quot;:&quot;&quot;,&quot;jet_parallax_layout_bg_x_mobile&quot;:&quot;&quot;,&quot;jet_parallax_layout_bg_y&quot;:50,&quot;jet_parallax_layout_bg_y_tablet&quot;:&quot;&quot;,&quot;jet_parallax_layout_bg_y_mobile&quot;:&quot;&quot;,&quot;jet_parallax_layout_bg_size&quot;:&quot;auto&quot;,&quot;jet_parallax_layout_bg_size_tablet&quot;:&quot;&quot;,&quot;jet_parallax_layout_bg_size_mobile&quot;:&quot;&quot;,&quot;jet_parallax_layout_animation_prop&quot;:&quot;transform&quot;,&quot;jet_parallax_layout_on&quot;:[&quot;desktop&quot;,&quot;tablet&quot;]}]}\">\n\t\t\t\t\t\t<div class=\"elementor-container elementor-column-gap-default\">\n\t\t\t\t\t<div class=\"elementor-column elementor-col-100 elementor-top-column elementor-element elementor-element-e26aed4\" data-id=\"e26aed4\" data-element_type=\"column\">\n\t\t\t<div class=\"elementor-widget-wrap elementor-element-populated\">\n\t\t\t\t\t\t<div class=\"elementor-element elementor-element-945c554 elementor-widget elementor-widget-heading\" data-id=\"945c554\" data-element_type=\"widget\" data-widget_type=\"heading.default\">\n\t\t\t\t<div class=\"elementor-widget-container\">\n\t\t\t<h2 class=\"elementor-heading-title elementor-size-default\">Los 8 indicadores del clima laboral que debes medir<\/h2>\t\t<\/div>\n\t\t\t\t<\/div>\n\t\t\t\t<div class=\"elementor-element elementor-element-f303741 elementor-widget elementor-widget-text-editor\" data-id=\"f303741\" data-element_type=\"widget\" data-widget_type=\"text-editor.default\">\n\t\t\t\t<div class=\"elementor-widget-container\">\n\t\t\t\t\t\t\t<p><span style=\"font-weight: 400;\">Para conseguir un clima laboral positivo es importante trabajar sobre los 8 factores que impactan en la experiencia del empleado. Pero para poder trabajar sobre ellos necesitamos medirlos, <\/span><b>\u00bfcu\u00e1les son esos 8 factores que debemos tener en el punto de mira?<\/b><\/p>\t\t\t\t\t\t<\/div>\n\t\t\t\t<\/div>\n\t\t\t\t<div class=\"elementor-element elementor-element-5adb9a1 elementor-widget elementor-widget-text-editor\" data-id=\"5adb9a1\" data-element_type=\"widget\" data-widget_type=\"text-editor.default\">\n\t\t\t\t<div class=\"elementor-widget-container\">\n\t\t\t\t\t\t\t<ol><li><b>La satisfacci\u00f3n laboral: <\/b><span style=\"font-weight: 400;\">el grado en que los empleados se sienten felices y realizados en su trabajo. Esto incluye aspectos como el salario, las condiciones de trabajo y el equilibrio entre la vida laboral y personal, entre otros.<\/span><\/li><li><b>El ambiente laboral:<\/b><span style=\"font-weight: 400;\"> incluye el entorno f\u00edsico y psicol\u00f3gico en el que los empleados realizan su trabajo. Esto abarca desde instalaciones y mobiliario hasta la cultura de empresa y el sentido de pertenencia.\u00a0<\/span><\/li><li><b>El liderazgo y el compa\u00f1erismo: <\/b><span style=\"font-weight: 400;\">se refiere a la capacidad de los managers para guiar, motivar e inspirar a sus equipos. Un buen liderazgo se caracteriza por el apoyo al equipo y la comunicaci\u00f3n efectiva, entre otros factores. El compa\u00f1erismo, por otro lado, implica la colaboraci\u00f3n, la confianza y el respeto mutuo entre compa\u00f1eros.\u00a0<\/span><\/li><li><b>El feedback y la comunicaci\u00f3n: <\/b><span style=\"font-weight: 400;\">crucial para el desarrollo y la mejora continua. Los empleados necesitan recibir <\/span><span style=\"font-weight: 400;\">feedback constructivo<\/span><span style=\"font-weight: 400;\"> sobre su trabajo para poder crecer profesionalmente. Adem\u00e1s, una comunicaci\u00f3n clara y transparente ayuda a evitar malentendidos y resolver conflictos.<\/span><\/li><li><b>El reconocimiento laboral: <\/b><span style=\"font-weight: 400;\">valorar los logros y el esfuerzo de los empleados. Sentirse valorado y apreciado mediante <\/span><span style=\"font-weight: 400;\">mensajes de reconocimiento<\/span><span style=\"font-weight: 400;\"> aumenta la motivaci\u00f3n y el compromiso de los empleados.<\/span><\/li><li><b>El desarrollo profesional: <\/b><span style=\"font-weight: 400;\">las oportunidades que ofrece la organizaci\u00f3n para que los empleados crezcan y se desarrollen en sus carreras. Esto incluye formaci\u00f3n, mentor\u00eda, programas de desarrollo de habilidades y oportunidades de ascenso.\u00a0<\/span><\/li><li><b>Los valores corporativos: <\/b><span style=\"font-weight: 400;\">principios y creencias fundamentales que gu\u00edan el comportamiento y la toma de decisiones en una empresa. Estos valores deben ser comunicados y compartidos de forma clara y transparente. <\/span><\/li><li><b style=\"background-color: var(--body-bg-color); color: var(--text-color); font-family: var(--font-family); font-size: var(--font-size-sm);\">El compromiso laboral: <\/b><span style=\"font-weight: 400;\">un alto nivel de compromiso significa que los empleados est\u00e1n dispuestos a esforzarse m\u00e1s all\u00e1 de lo necesario para alcanzar los objetivos de la empresa.<\/span><\/li><\/ol>\t\t\t\t\t\t<\/div>\n\t\t\t\t<\/div>\n\t\t\t\t<div class=\"elementor-element elementor-element-8bdca18 elementor-widget elementor-widget-text-editor\" data-id=\"8bdca18\" data-element_type=\"widget\" data-widget_type=\"text-editor.default\">\n\t\t\t\t<div class=\"elementor-widget-container\">\n\t\t\t\t\t\t\t<p><span style=\"font-weight: 400;\">Medir el clima laboral sobre estos indicadores <\/span><b>proporciona una visi\u00f3n cuantitativa del estado del clima laboral<\/b><span style=\"font-weight: 400;\">. Esta informaci\u00f3n puede ayudar a identificar \u00e1reas de mejora y, con ello, a identificar <a href=\"https:\/\/nailted.com\/blog\/es\/como-crear-un-programa-de-bienestar-laboral\/\">actividades de bienestar<\/a> a implementar.\u00a0<\/span><\/p>\t\t\t\t\t\t<\/div>\n\t\t\t\t<\/div>\n\t\t\t\t<div class=\"elementor-element elementor-element-7d38bb8 elementor-widget elementor-widget-text-editor\" data-id=\"7d38bb8\" data-element_type=\"widget\" data-widget_type=\"text-editor.default\">\n\t\t\t\t<div class=\"elementor-widget-container\">\n\t\t\t\t\t\t\t<p>Para pon\u00e9rtelo m\u00e1s f\u00e1cil, hemos preparado esta <a href=\"https:\/\/nailted.com\/blog\/es\/plantilla-de-encuesta-de-clima-laboral\/\">plantilla para encuestas de bienestar laboral<\/a>. Con esta plantilla puedes medir el clima laboral f\u00e1cilmente. Puedes filtrar acorde a las \u00e1reas de inter\u00e9s sobre las que quieras indagar y personalizar as\u00ed tus encuestas a empleados.<\/p>\t\t\t\t\t\t<\/div>\n\t\t\t\t<\/div>\n\t\t\t\t\t<\/div>\n\t\t<\/div>\n\t\t\t\t\t<\/div>\n\t\t<\/section>\n\t\t\t\t<section class=\"elementor-section elementor-top-section elementor-element elementor-element-2262824 elementor-section-boxed elementor-section-height-default elementor-section-height-default\" data-id=\"2262824\" data-element_type=\"section\" data-settings=\"{&quot;jet_parallax_layout_list&quot;:[{&quot;jet_parallax_layout_image&quot;:{&quot;url&quot;:&quot;&quot;,&quot;id&quot;:&quot;&quot;,&quot;size&quot;:&quot;&quot;},&quot;_id&quot;:&quot;f13a572&quot;,&quot;jet_parallax_layout_image_tablet&quot;:{&quot;url&quot;:&quot;&quot;,&quot;id&quot;:&quot;&quot;,&quot;size&quot;:&quot;&quot;},&quot;jet_parallax_layout_image_mobile&quot;:{&quot;url&quot;:&quot;&quot;,&quot;id&quot;:&quot;&quot;,&quot;size&quot;:&quot;&quot;},&quot;jet_parallax_layout_speed&quot;:{&quot;unit&quot;:&quot;%&quot;,&quot;size&quot;:50,&quot;sizes&quot;:[]},&quot;jet_parallax_layout_type&quot;:&quot;scroll&quot;,&quot;jet_parallax_layout_direction&quot;:&quot;1&quot;,&quot;jet_parallax_layout_fx_direction&quot;:null,&quot;jet_parallax_layout_z_index&quot;:&quot;&quot;,&quot;jet_parallax_layout_bg_x&quot;:50,&quot;jet_parallax_layout_bg_x_tablet&quot;:&quot;&quot;,&quot;jet_parallax_layout_bg_x_mobile&quot;:&quot;&quot;,&quot;jet_parallax_layout_bg_y&quot;:50,&quot;jet_parallax_layout_bg_y_tablet&quot;:&quot;&quot;,&quot;jet_parallax_layout_bg_y_mobile&quot;:&quot;&quot;,&quot;jet_parallax_layout_bg_size&quot;:&quot;auto&quot;,&quot;jet_parallax_layout_bg_size_tablet&quot;:&quot;&quot;,&quot;jet_parallax_layout_bg_size_mobile&quot;:&quot;&quot;,&quot;jet_parallax_layout_animation_prop&quot;:&quot;transform&quot;,&quot;jet_parallax_layout_on&quot;:[&quot;desktop&quot;,&quot;tablet&quot;]}]}\">\n\t\t\t\t\t\t<div class=\"elementor-container elementor-column-gap-default\">\n\t\t\t\t\t<div class=\"elementor-column elementor-col-100 elementor-top-column elementor-element elementor-element-2946820\" data-id=\"2946820\" data-element_type=\"column\">\n\t\t\t<div class=\"elementor-widget-wrap elementor-element-populated\">\n\t\t\t\t\t\t<div class=\"elementor-element elementor-element-8968a50 elementor-widget elementor-widget-heading\" data-id=\"8968a50\" data-element_type=\"widget\" data-widget_type=\"heading.default\">\n\t\t\t\t<div class=\"elementor-widget-container\">\n\t\t\t<h2 class=\"elementor-heading-title elementor-size-default\">C\u00f3mo medir el clima laboral en 9 pasos<\/h2>\t\t<\/div>\n\t\t\t\t<\/div>\n\t\t\t\t<div class=\"elementor-element elementor-element-cf3a9ad elementor-widget elementor-widget-text-editor\" data-id=\"cf3a9ad\" data-element_type=\"widget\" data-widget_type=\"text-editor.default\">\n\t\t\t\t<div class=\"elementor-widget-container\">\n\t\t\t\t\t\t\t<p><span style=\"font-weight: 400;\">Medir el clima laboral es un <\/span><b>proceso esencial para conocer c\u00f3mo se encuentran nuestros empleados<\/b><span style=\"font-weight: 400;\">. Este proceso de medici\u00f3n nos permite identificar \u00e1reas de mejora y llevar a cabo estrategias efectivas para mejorar el clima laboral.\u00a0<\/span><\/p>\t\t\t\t\t\t<\/div>\n\t\t\t\t<\/div>\n\t\t\t\t<div class=\"elementor-element elementor-element-1b47f2b elementor-widget elementor-widget-text-editor\" data-id=\"1b47f2b\" data-element_type=\"widget\" data-widget_type=\"text-editor.default\">\n\t\t\t\t<div class=\"elementor-widget-container\">\n\t\t\t\t\t\t\t<p><span style=\"font-weight: 400;\">Cuando nos disponemos a medir el clima laboral, la forma m\u00e1s completa de hacerlo es mediante el <\/span><b>env\u00edo de encuestas de clima laboral<\/b><span style=\"font-weight: 400;\">. Estas encuestas nos permiten conocer el estado de bienestar y satisfacci\u00f3n de nuestros empleados. Con ello, podremos definir <a href=\"https:\/\/nailted.com\/blog\/es\/que-es-el-plan-de-bienestar-laboral\/\">planes de bienestar laboral<\/a> que realmente impacten sobre las necesidades de nuestros empleados.<\/span><\/p>\t\t\t\t\t\t<\/div>\n\t\t\t\t<\/div>\n\t\t\t\t<div class=\"elementor-element elementor-element-0384311 elementor-widget elementor-widget-text-editor\" data-id=\"0384311\" data-element_type=\"widget\" data-widget_type=\"text-editor.default\">\n\t\t\t\t<div class=\"elementor-widget-container\">\n\t\t\t\t\t\t\t<div style=\"display: none;\">[content_upgrade cu_id=&#8221;12821&#8243;][\/content_upgrade]<\/div>\n<a class=\"cu-popup\" href=\"#cu_12821\">\n<img class=\" lazyloaded\" src=\"https:\/\/nailted.com\/blog\/wp-content\/uploads\/2024\/09\/Banner-plantilla-de-encuestas-para-medir-el-clima-laboral.jpg\" alt=\"Banner plantilla de encuestas para medir el clima laboral\" data-src=\"\/assets\/images\/home\/people.jpg\" \/>\n<\/a>\t\t\t\t\t\t<\/div>\n\t\t\t\t<\/div>\n\t\t\t\t<div class=\"elementor-element elementor-element-9061a88 elementor-widget elementor-widget-text-editor\" data-id=\"9061a88\" data-element_type=\"widget\" data-widget_type=\"text-editor.default\">\n\t\t\t\t<div class=\"elementor-widget-container\">\n\t\t\t\t\t\t\t<p><span style=\"font-weight: 400;\">\u00bfC\u00f3mo nos aseguramos de que estas encuestas nos permiten medir de forma eficaz el clima laboral? <\/span><b>Debemos seguir los siguientes pasos:<\/b><\/p>\t\t\t\t\t\t<\/div>\n\t\t\t\t<\/div>\n\t\t\t\t<div class=\"elementor-element elementor-element-76760fa elementor-widget elementor-widget-text-editor\" data-id=\"76760fa\" data-element_type=\"widget\" data-widget_type=\"text-editor.default\">\n\t\t\t\t<div class=\"elementor-widget-container\">\n\t\t\t\t\t\t\t<ol><li style=\"font-weight: 400;\" aria-level=\"1\"><span style=\"font-weight: 400;\">Define los objetivos y el alcance.\u00a0<\/span><\/li><li style=\"font-weight: 400;\" aria-level=\"1\"><span style=\"font-weight: 400;\">Selecciona una plataforma de encuestas confiable.\u00a0<\/span><\/li><li style=\"font-weight: 400;\" aria-level=\"1\"><span style=\"font-weight: 400;\">Incluye las preguntas correctas<\/span><\/li><li style=\"font-weight: 400;\" aria-level=\"1\"><span style=\"font-weight: 400;\">Asegura el anonimato.\u00a0<\/span><\/li><li style=\"font-weight: 400;\" aria-level=\"1\"><span style=\"font-weight: 400;\">Comunica de manera clara.\u00a0<\/span><\/li><li style=\"font-weight: 400;\" aria-level=\"1\"><span style=\"font-weight: 400;\">Promueve la participaci\u00f3n.\u00a0<\/span><\/li><li style=\"font-weight: 400;\" aria-level=\"1\"><span style=\"font-weight: 400;\">Analiza los resultados.\u00a0<\/span><\/li><li style=\"font-weight: 400;\" aria-level=\"1\"><span style=\"font-weight: 400;\">Implementa planes de acci\u00f3n y mejoras.\u00a0<\/span><\/li><li style=\"font-weight: 400;\" aria-level=\"1\"><span style=\"font-weight: 400;\">Monitorea el progreso y optimiza.<\/span><\/li><\/ol>\t\t\t\t\t\t<\/div>\n\t\t\t\t<\/div>\n\t\t\t\t<div class=\"elementor-element elementor-element-9c9e6f6 elementor-widget elementor-widget-heading\" data-id=\"9c9e6f6\" data-element_type=\"widget\" data-widget_type=\"heading.default\">\n\t\t\t\t<div class=\"elementor-widget-container\">\n\t\t\t<h3 class=\"elementor-heading-title elementor-size-default\">1. Define los objetivos y el alcance\n<\/h3>\t\t<\/div>\n\t\t\t\t<\/div>\n\t\t\t\t<div class=\"elementor-element elementor-element-e2df532 elementor-widget elementor-widget-text-editor\" data-id=\"e2df532\" data-element_type=\"widget\" data-widget_type=\"text-editor.default\">\n\t\t\t\t<div class=\"elementor-widget-container\">\n\t\t\t\t\t\t\t<p><span style=\"font-weight: 400;\">Antes de lanzar tu encuesta para medir el clima laboral, debes definir los objetivos y alcance. Piensa en <\/span><b>aspectos espec\u00edficos del clima laboral\u00a0 sobre los que quieras indagar<\/b><span style=\"font-weight: 400;\">, como los mencionados previamente en los indicadores de clima laboral.\u00a0<\/span><\/p>\t\t\t\t\t\t<\/div>\n\t\t\t\t<\/div>\n\t\t\t\t<div class=\"elementor-element elementor-element-6c89b06 elementor-widget elementor-widget-text-editor\" data-id=\"6c89b06\" data-element_type=\"widget\" data-widget_type=\"text-editor.default\">\n\t\t\t\t<div class=\"elementor-widget-container\">\n\t\t\t\t\t\t\t<p><span style=\"font-weight: 400;\">Deber\u00e1s tambi\u00e9n determinar la frecuencia de tus encuestas de clima laboral e identificar m\u00e9tricas o KPIs que se alineen con los objetivos marcados por la organizaci\u00f3n. Esto te permitir\u00e1 <\/span><b>alinear tus objetivos de clima laboral con los objetivos generales de la empresa<\/b><span style=\"font-weight: 400;\">, ayudando a comprender el impacto de un clima laboral positivo de cara al \u00e9xito organizacional.<\/span><\/p>\t\t\t\t\t\t<\/div>\n\t\t\t\t<\/div>\n\t\t\t\t<div class=\"elementor-element elementor-element-520367c elementor-widget elementor-widget-heading\" data-id=\"520367c\" data-element_type=\"widget\" data-widget_type=\"heading.default\">\n\t\t\t\t<div class=\"elementor-widget-container\">\n\t\t\t<h3 class=\"elementor-heading-title elementor-size-default\">2. Selecciona una plataforma de encuestas confiable<\/h3>\t\t<\/div>\n\t\t\t\t<\/div>\n\t\t\t\t<div class=\"elementor-element elementor-element-43aaaf0 elementor-widget elementor-widget-text-editor\" data-id=\"43aaaf0\" data-element_type=\"widget\" data-widget_type=\"text-editor.default\">\n\t\t\t\t<div class=\"elementor-widget-container\">\n\t\t\t\t\t\t\t<p><b>No todas las plataformas cumplir\u00e1n con tus necesidades<\/b><span style=\"font-weight: 400;\">. Escoger una plataforma fiable para enviar tus encuestas de bienestar laboral es crucial para garantizar que el proceso sea sencillo, tanto para ti como para los empleados. Aseg\u00farate de que la plataforma permita recopilar datos precisos y accionables. Busca opciones que ofrezcan plantillas de encuestas personalizables, anonimato, automatizaci\u00f3n e interfaces f\u00e1ciles de usar, como <\/span><span style=\"font-weight: 400;\">Nailted<\/span><span style=\"font-weight: 400;\">. Esto <\/span><b>simplificar\u00e1 el proceso y aumentar\u00e1 la participaci\u00f3n de los empleados<\/b><span style=\"font-weight: 400;\">.<\/span><\/p>\t\t\t\t\t\t<\/div>\n\t\t\t\t<\/div>\n\t\t\t\t<div class=\"elementor-element elementor-element-8ffd0f2 elementor-widget elementor-widget-text-editor\" data-id=\"8ffd0f2\" data-element_type=\"widget\" data-widget_type=\"text-editor.default\">\n\t\t\t\t<div class=\"elementor-widget-container\">\n\t\t\t\t\t\t\t<p><span style=\"font-weight: 400;\">Si est\u00e1s pensando en medir el clima de tu empresa y no sabes c\u00f3mo empezar, en <\/span><span style=\"font-weight: 400;\">Nailted<\/span><span style=\"font-weight: 400;\"> podemos <\/span><b>ayudarte a evitar errores y ahorrar tiempo<\/b><span style=\"font-weight: 400;\">. Adem\u00e1s, contar\u00e1s con datos en tiempo real y un dashboard que te facilitar\u00e1 el diagn\u00f3stico y el reporting.<\/span><\/p>\t\t\t\t\t\t<\/div>\n\t\t\t\t<\/div>\n\t\t\t\t<div class=\"elementor-element elementor-element-bdc8332 elementor-widget elementor-widget-heading\" data-id=\"bdc8332\" data-element_type=\"widget\" data-widget_type=\"heading.default\">\n\t\t\t\t<div class=\"elementor-widget-container\">\n\t\t\t<h3 class=\"elementor-heading-title elementor-size-default\">3. Incluye las preguntas correctas<\/h3>\t\t<\/div>\n\t\t\t\t<\/div>\n\t\t\t\t<div class=\"elementor-element elementor-element-0697936 elementor-widget elementor-widget-text-editor\" data-id=\"0697936\" data-element_type=\"widget\" data-widget_type=\"text-editor.default\">\n\t\t\t\t<div class=\"elementor-widget-container\">\n\t\t\t\t\t\t\t<p><span style=\"font-weight: 400;\">Elegir las preguntas correctas para tu encuesta de clima laboral es esencial <\/span><b>para obtener informaci\u00f3n valiosa<\/b><span style=\"font-weight: 400;\">. Aseg\u00farate de que tus preguntas abarquen los 8 indicadores del clima organizacional. Recomendamos utilizar una combinaci\u00f3n de preguntas tipo Likert, de opci\u00f3n m\u00faltiple y abiertas, para recopilar tanto datos cuantitativos como cualitativos. Lo m\u00e1s importante es crear una encuesta que sea inclusiva y respetuosa con todos los empleados, reconociendo las diversas perspectivas dentro de tu equipo.\u00a0<\/span><\/p>\t\t\t\t\t\t<\/div>\n\t\t\t\t<\/div>\n\t\t\t\t<div class=\"elementor-element elementor-element-cc5d993 elementor-widget elementor-widget-text-editor\" data-id=\"cc5d993\" data-element_type=\"widget\" data-widget_type=\"text-editor.default\">\n\t\t\t\t<div class=\"elementor-widget-container\">\n\t\t\t\t\t\t\t<p><b>Aqu\u00ed podr\u00e1s encontrar + 100 preguntas que podr\u00e1s incluir en tus encuestas de clima \ud83d\udc47<\/b><\/p>\t\t\t\t\t\t<\/div>\n\t\t\t\t<\/div>\n\t\t\t\t<div class=\"elementor-element elementor-element-8a3be3e elementor-widget elementor-widget-text-editor\" data-id=\"8a3be3e\" data-element_type=\"widget\" data-widget_type=\"text-editor.default\">\n\t\t\t\t<div class=\"elementor-widget-container\">\n\t\t\t\t\t\t\t<div style=\"display: none;\">[content_upgrade cu_id=&#8221;12821&#8243;][\/content_upgrade]<\/div>\n<a class=\"cu-popup\" href=\"#cu_12821\">\n<img class=\" lazyloaded\" src=\"https:\/\/nailted.com\/blog\/wp-content\/uploads\/2024\/09\/Banner-plantilla-de-encuestas-para-medir-el-clima-laboral.jpg\" alt=\"Banner plantilla de encuestas para medir el clima laboral\" data-src=\"\/assets\/images\/home\/people.jpg\" \/>\n<\/a>\t\t\t\t\t\t<\/div>\n\t\t\t\t<\/div>\n\t\t\t\t<div class=\"elementor-element elementor-element-a45ef9f elementor-widget elementor-widget-heading\" data-id=\"a45ef9f\" data-element_type=\"widget\" data-widget_type=\"heading.default\">\n\t\t\t\t<div class=\"elementor-widget-container\">\n\t\t\t<h3 class=\"elementor-heading-title elementor-size-default\">4. Asegura el anonimato<\/h3>\t\t<\/div>\n\t\t\t\t<\/div>\n\t\t\t\t<div class=\"elementor-element elementor-element-8ebdf59 elementor-widget elementor-widget-text-editor\" data-id=\"8ebdf59\" data-element_type=\"widget\" data-widget_type=\"text-editor.default\">\n\t\t\t\t<div class=\"elementor-widget-container\">\n\t\t\t\t\t\t\t<p><span style=\"font-weight: 400;\">Para obtener un feedback sincero en tus encuestas de clima laboral, es crucial garantizar el anonimato. Asegura a los empleados que sus comentarios ser\u00e1n tratados con discreci\u00f3n y se utilizar\u00e1n \u00fanicamente para mejorar la experiencia del empleado; sin detalles personales asociados a las respuestas. Fomentar la confianza y una cultura honesta y transparente enfatizando el car\u00e1cter confidencial de tus encuestas <\/span><b>aumentar\u00e1 la participaci\u00f3n y la sinceridad en las respuestas<\/b><span style=\"font-weight: 400;\">.<\/span><\/p>\t\t\t\t\t\t<\/div>\n\t\t\t\t<\/div>\n\t\t\t\t<div class=\"elementor-element elementor-element-d0ef7f8 elementor-widget elementor-widget-heading\" data-id=\"d0ef7f8\" data-element_type=\"widget\" data-widget_type=\"heading.default\">\n\t\t\t\t<div class=\"elementor-widget-container\">\n\t\t\t<h3 class=\"elementor-heading-title elementor-size-default\">5. Comunica de manera clara<\/h3>\t\t<\/div>\n\t\t\t\t<\/div>\n\t\t\t\t<div class=\"elementor-element elementor-element-6edcbfe elementor-widget elementor-widget-text-editor\" data-id=\"6edcbfe\" data-element_type=\"widget\" data-widget_type=\"text-editor.default\">\n\t\t\t\t<div class=\"elementor-widget-container\">\n\t\t\t\t\t\t\t<p><span style=\"font-weight: 400;\">La comunicaci\u00f3n eficaz es clave para el \u00e9xito. Al lanzar tu encuesta de clima laboral,<\/span><b> informa a los empleados sobre su prop\u00f3sito<\/b><span style=\"font-weight: 400;\">, los beneficios de participar y las medidas que se tomar\u00e1n en funci\u00f3n de los resultados. Enfatiza que generar un clima laboral positivo es una prioridad para la empresa. Esto har\u00e1 que los empleados comprendan que su aportaci\u00f3n es valiosa para crear un entorno de trabajo m\u00e1s saludable y positivo.<\/span><\/p>\t\t\t\t\t\t<\/div>\n\t\t\t\t<\/div>\n\t\t\t\t<div class=\"elementor-element elementor-element-f3c92e1 elementor-widget elementor-widget-heading\" data-id=\"f3c92e1\" data-element_type=\"widget\" data-widget_type=\"heading.default\">\n\t\t\t\t<div class=\"elementor-widget-container\">\n\t\t\t<h3 class=\"elementor-heading-title elementor-size-default\">6. Promueve la participaci\u00f3n<\/h3>\t\t<\/div>\n\t\t\t\t<\/div>\n\t\t\t\t<div class=\"elementor-element elementor-element-09cef65 elementor-widget elementor-widget-text-editor\" data-id=\"09cef65\" data-element_type=\"widget\" data-widget_type=\"text-editor.default\">\n\t\t\t\t<div class=\"elementor-widget-container\">\n\t\t\t\t\t\t\t<p><span style=\"font-weight: 400;\">Resalta la <\/span><b>influencia que pueden tener sus comentarios en la adopci\u00f3n y mejora<\/b><span style=\"font-weight: 400;\"> de las pol\u00edticas, pr\u00e1cticas e iniciativas de la empresa. Utiliza diversos canales de comunicaci\u00f3n, como el email, la intranet y las reuniones de equipo, para llegar a todos los empleados y motivarlos a participar en el proceso.<\/span><\/p>\t\t\t\t\t\t<\/div>\n\t\t\t\t<\/div>\n\t\t\t\t<div class=\"elementor-element elementor-element-3042cfd elementor-widget elementor-widget-heading\" data-id=\"3042cfd\" data-element_type=\"widget\" data-widget_type=\"heading.default\">\n\t\t\t\t<div class=\"elementor-widget-container\">\n\t\t\t<h3 class=\"elementor-heading-title elementor-size-default\">7. Analiza los resultados<\/h3>\t\t<\/div>\n\t\t\t\t<\/div>\n\t\t\t\t<div class=\"elementor-element elementor-element-01ae747 elementor-widget elementor-widget-text-editor\" data-id=\"01ae747\" data-element_type=\"widget\" data-widget_type=\"text-editor.default\">\n\t\t\t\t<div class=\"elementor-widget-container\">\n\t\t\t\t\t\t\t<p><span style=\"font-weight: 400;\">Al evaluar los resultados, es fundamental identificar tendencias y \u00e1reas de preocupaci\u00f3n. Considera <\/span><b>segmentar los resultados por departamentos o proyectos<\/b><span style=\"font-weight: 400;\"> para obtener una visi\u00f3n m\u00e1s detallada de \u00e1reas espec\u00edficas de la organizaci\u00f3n. Si prefieres no autom\u00e1ticamente, puedes utilizar herramientas para analizar los resultados de tus encuestas, como <\/span><span style=\"font-weight: 400;\">Nailted<\/span><span style=\"font-weight: 400;\">.<\/span><\/p>\t\t\t\t\t\t<\/div>\n\t\t\t\t<\/div>\n\t\t\t\t<div class=\"elementor-element elementor-element-d9b3f3f elementor-widget elementor-widget-heading\" data-id=\"d9b3f3f\" data-element_type=\"widget\" data-widget_type=\"heading.default\">\n\t\t\t\t<div class=\"elementor-widget-container\">\n\t\t\t<h3 class=\"elementor-heading-title elementor-size-default\">8. Implementa planes de acci\u00f3n y mejoras<\/h3>\t\t<\/div>\n\t\t\t\t<\/div>\n\t\t\t\t<div class=\"elementor-element elementor-element-a888840 elementor-widget elementor-widget-text-editor\" data-id=\"a888840\" data-element_type=\"widget\" data-widget_type=\"text-editor.default\">\n\t\t\t\t<div class=\"elementor-widget-container\">\n\t\t\t\t\t\t\t<p><span style=\"font-weight: 400;\">Traducir las conclusiones en acciones concretas es uno de los pasos m\u00e1s importantes. Elabora planes de acci\u00f3n basados en los resultados de la encuesta, describiendo i<\/span><b>niciativas espec\u00edficas para abordar las \u00e1reas de mejora identificadas<\/b><span style=\"font-weight: 400;\">. Prioriza las iniciativas con un impacto significativo en el clima laboral y comunica estos planes de manera transparente a todo el personal.<\/span><\/p>\t\t\t\t\t\t<\/div>\n\t\t\t\t<\/div>\n\t\t\t\t<div class=\"elementor-element elementor-element-044d14c elementor-widget elementor-widget-heading\" data-id=\"044d14c\" data-element_type=\"widget\" data-widget_type=\"heading.default\">\n\t\t\t\t<div class=\"elementor-widget-container\">\n\t\t\t<h3 class=\"elementor-heading-title elementor-size-default\">9. Monitorea el progreso y optimiza<\/h3>\t\t<\/div>\n\t\t\t\t<\/div>\n\t\t\t\t<div class=\"elementor-element elementor-element-0bd85be elementor-widget elementor-widget-text-editor\" data-id=\"0bd85be\" data-element_type=\"widget\" data-widget_type=\"text-editor.default\">\n\t\t\t\t<div class=\"elementor-widget-container\">\n\t\t\t\t\t\t\t<p><span style=\"font-weight: 400;\">El trabajo en la mejora del clima laboral es una estrategia continua. La supervisi\u00f3n del progreso a lo largo del tiempo es esencial para la mejora constante. Realiza controles peri\u00f3dicos y encuestas de seguimiento para evaluar el impacto de los cambios implementados. <\/span><b>Utiliza la informaci\u00f3n recopilada para mejorar las iniciativas existentes y desarrollar nuevas<\/b><span style=\"font-weight: 400;\">. Recuerda que trabajar en pro de un clima laboral positivo no solo es una ventaja estrat\u00e9gica, sino un compromiso para preservar la salud y la satisfacci\u00f3n de tu activo m\u00e1s valioso: tus empleados.<\/span><\/p>\t\t\t\t\t\t<\/div>\n\t\t\t\t<\/div>\n\t\t\t\t\t<\/div>\n\t\t<\/div>\n\t\t\t\t\t<\/div>\n\t\t<\/section>\n\t\t\t\t<section class=\"elementor-section elementor-top-section elementor-element elementor-element-0bbcfc4 elementor-section-boxed elementor-section-height-default elementor-section-height-default\" data-id=\"0bbcfc4\" data-element_type=\"section\" data-settings=\"{&quot;jet_parallax_layout_list&quot;:[{&quot;jet_parallax_layout_image&quot;:{&quot;url&quot;:&quot;&quot;,&quot;id&quot;:&quot;&quot;,&quot;size&quot;:&quot;&quot;},&quot;_id&quot;:&quot;f13a572&quot;,&quot;jet_parallax_layout_image_tablet&quot;:{&quot;url&quot;:&quot;&quot;,&quot;id&quot;:&quot;&quot;,&quot;size&quot;:&quot;&quot;},&quot;jet_parallax_layout_image_mobile&quot;:{&quot;url&quot;:&quot;&quot;,&quot;id&quot;:&quot;&quot;,&quot;size&quot;:&quot;&quot;},&quot;jet_parallax_layout_speed&quot;:{&quot;unit&quot;:&quot;%&quot;,&quot;size&quot;:50,&quot;sizes&quot;:[]},&quot;jet_parallax_layout_type&quot;:&quot;scroll&quot;,&quot;jet_parallax_layout_direction&quot;:&quot;1&quot;,&quot;jet_parallax_layout_fx_direction&quot;:null,&quot;jet_parallax_layout_z_index&quot;:&quot;&quot;,&quot;jet_parallax_layout_bg_x&quot;:50,&quot;jet_parallax_layout_bg_x_tablet&quot;:&quot;&quot;,&quot;jet_parallax_layout_bg_x_mobile&quot;:&quot;&quot;,&quot;jet_parallax_layout_bg_y&quot;:50,&quot;jet_parallax_layout_bg_y_tablet&quot;:&quot;&quot;,&quot;jet_parallax_layout_bg_y_mobile&quot;:&quot;&quot;,&quot;jet_parallax_layout_bg_size&quot;:&quot;auto&quot;,&quot;jet_parallax_layout_bg_size_tablet&quot;:&quot;&quot;,&quot;jet_parallax_layout_bg_size_mobile&quot;:&quot;&quot;,&quot;jet_parallax_layout_animation_prop&quot;:&quot;transform&quot;,&quot;jet_parallax_layout_on&quot;:[&quot;desktop&quot;,&quot;tablet&quot;]}]}\">\n\t\t\t\t\t\t<div class=\"elementor-container elementor-column-gap-default\">\n\t\t\t\t\t<div class=\"elementor-column elementor-col-100 elementor-top-column elementor-element elementor-element-0c5e81b\" data-id=\"0c5e81b\" data-element_type=\"column\">\n\t\t\t<div class=\"elementor-widget-wrap elementor-element-populated\">\n\t\t\t\t\t\t<div class=\"elementor-element elementor-element-de821db elementor-widget elementor-widget-heading\" data-id=\"de821db\" data-element_type=\"widget\" data-widget_type=\"heading.default\">\n\t\t\t\t<div class=\"elementor-widget-container\">\n\t\t\t<h2 class=\"elementor-heading-title elementor-size-default\">Los 5 tipos de clima laboral en una organizaci\u00f3n<\/h2>\t\t<\/div>\n\t\t\t\t<\/div>\n\t\t\t\t<div class=\"elementor-element elementor-element-d2c2100 elementor-widget elementor-widget-text-editor\" data-id=\"d2c2100\" data-element_type=\"widget\" data-widget_type=\"text-editor.default\">\n\t\t\t\t<div class=\"elementor-widget-container\">\n\t\t\t\t\t\t\t<p><span style=\"font-weight: 400;\">El clima laboral puede variar significativamente de una empresa a otra. Incluso puede ser diferente acorde a departamentos o equipos dentro de una misma organizaci\u00f3n. Existen 5 tipos de clima laboral y cada uno de ellos tiene sus propias caracter\u00edsticas, generando un impacto diferente en los empleados y en su rendimiento.<\/span><\/p>\t\t\t\t\t\t<\/div>\n\t\t\t\t<\/div>\n\t\t\t\t<div class=\"elementor-element elementor-element-4234e41 elementor-widget elementor-widget-heading\" data-id=\"4234e41\" data-element_type=\"widget\" data-widget_type=\"heading.default\">\n\t\t\t\t<div class=\"elementor-widget-container\">\n\t\t\t<h3 class=\"elementor-heading-title elementor-size-default\">El clima laboral positivo<\/h3>\t\t<\/div>\n\t\t\t\t<\/div>\n\t\t\t\t<div class=\"elementor-element elementor-element-66f926d elementor-widget elementor-widget-text-editor\" data-id=\"66f926d\" data-element_type=\"widget\" data-widget_type=\"text-editor.default\">\n\t\t\t\t<div class=\"elementor-widget-container\">\n\t\t\t\t\t\t\t<p><span style=\"font-weight: 400;\">Un clima laboral positivo se caracteriza por altos niveles de compromiso, motivaci\u00f3n y satisfacci\u00f3n entre los empleados. Este tipo de clima fomenta una cultura de colaboraci\u00f3n, escucha, respeto y reconocimiento, contribuyendo a un ambiente de trabajo saludable y productivo.<\/span><\/p>\t\t\t\t\t\t<\/div>\n\t\t\t\t<\/div>\n\t\t\t\t<div class=\"elementor-element elementor-element-8b60f47 elementor-widget elementor-widget-text-editor\" data-id=\"8b60f47\" data-element_type=\"widget\" data-widget_type=\"text-editor.default\">\n\t\t\t\t<div class=\"elementor-widget-container\">\n\t\t\t\t\t\t\t<p><b>\u00bfEn qu\u00e9 se caracteriza un clima laboral positivo?<\/b><\/p>\t\t\t\t\t\t<\/div>\n\t\t\t\t<\/div>\n\t\t\t\t<div class=\"elementor-element elementor-element-c59da53 elementor-widget elementor-widget-text-editor\" data-id=\"c59da53\" data-element_type=\"widget\" data-widget_type=\"text-editor.default\">\n\t\t\t\t<div class=\"elementor-widget-container\">\n\t\t\t\t\t\t\t<ul><li style=\"font-weight: 400;\" aria-level=\"1\"><b>Reconocimiento<\/b><span style=\"font-weight: 400;\">: se reconocen logros y esfuerzos, lo que aumenta la motivaci\u00f3n y la satisfacci\u00f3n de los empleados.<\/span><\/li><li style=\"font-weight: 400;\" aria-level=\"1\"><b>Oportunidades de desarrollo: <\/b><span style=\"font-weight: 400;\">hay claras oportunidades para el crecimiento profesional, lo que mantiene comprometidos a los empleados.<\/span><\/li><li style=\"font-weight: 400;\" aria-level=\"1\"><b>Comunicaci\u00f3n abierta: <\/b><span style=\"font-weight: 400;\">la comunicaci\u00f3n es clara y fluida. Los empleados se sienten libres y seguros al expresar sus ideas y preocupaciones.\u00a0<\/span><\/li><li style=\"font-weight: 400;\" aria-level=\"1\"><b>Igualdad e inclusi\u00f3n: <\/b><span style=\"font-weight: 400;\">las pr\u00e1cticas de la organizaci\u00f3n son justas y equitativas, fomentando la confianza y el compromiso de los empleados.<\/span><\/li><li aria-level=\"1\"><b>Relaciones interpersonales: <\/b><span style=\"font-weight: 400;\">existen relaciones saludables, respetuosas y colaborativas, con un fuerte sentido de comunidad y apoyo mutuo.<\/span><\/li><\/ul>\t\t\t\t\t\t<\/div>\n\t\t\t\t<\/div>\n\t\t\t\t<div class=\"elementor-element elementor-element-964206e elementor-widget elementor-widget-text-editor\" data-id=\"964206e\" data-element_type=\"widget\" data-widget_type=\"text-editor.default\">\n\t\t\t\t<div class=\"elementor-widget-container\">\n\t\t\t\t\t\t\t<p><b>\u00bfCu\u00e1l es el impacto del clima laboral positivo?<\/b><\/p>\t\t\t\t\t\t<\/div>\n\t\t\t\t<\/div>\n\t\t\t\t<div class=\"elementor-element elementor-element-db58fb8 elementor-widget elementor-widget-text-editor\" data-id=\"db58fb8\" data-element_type=\"widget\" data-widget_type=\"text-editor.default\">\n\t\t\t\t<div class=\"elementor-widget-container\">\n\t\t\t\t\t\t\t<ul><li style=\"font-weight: 400;\" aria-level=\"1\"><span style=\"font-weight: 400;\">Mayor productividad.<\/span><\/li><li style=\"font-weight: 400;\" aria-level=\"1\"><span style=\"font-weight: 400;\">Baja rotaci\u00f3n de personal.<\/span><\/li><li style=\"font-weight: 400;\" aria-level=\"1\"><span style=\"font-weight: 400;\">Mejores niveles de salud y bienestar.<\/span><\/li><li style=\"font-weight: 400;\" aria-level=\"1\"><span style=\"font-weight: 400;\">Impulso de la innovaci\u00f3n y creatividad.<\/span><\/li><li style=\"font-weight: 400;\" aria-level=\"1\"><span style=\"font-weight: 400;\">Reflejo de una reputaci\u00f3n positiva.<\/span><\/li><\/ul>\t\t\t\t\t\t<\/div>\n\t\t\t\t<\/div>\n\t\t\t\t<div class=\"elementor-element elementor-element-6aeafcb elementor-widget elementor-widget-heading\" data-id=\"6aeafcb\" data-element_type=\"widget\" data-widget_type=\"heading.default\">\n\t\t\t\t<div class=\"elementor-widget-container\">\n\t\t\t<h3 class=\"elementor-heading-title elementor-size-default\">El clima laboral negativo<\/h3>\t\t<\/div>\n\t\t\t\t<\/div>\n\t\t\t\t<div class=\"elementor-element elementor-element-fbd8fd9 elementor-widget elementor-widget-text-editor\" data-id=\"fbd8fd9\" data-element_type=\"widget\" data-widget_type=\"text-editor.default\">\n\t\t\t\t<div class=\"elementor-widget-container\">\n\t\t\t\t\t\t\t<p><span style=\"font-weight: 400;\">Por el contrario, un clima laboral negativo se caracteriza por los altos niveles de insatisfacci\u00f3n y la falta de motivaci\u00f3n. Este tipo de clima puede generar un entorno de trabajo t\u00f3xico y perjudicar el rendimiento de los empleados.<\/span><\/p>\t\t\t\t\t\t<\/div>\n\t\t\t\t<\/div>\n\t\t\t\t<div class=\"elementor-element elementor-element-f5eacd7 elementor-widget elementor-widget-text-editor\" data-id=\"f5eacd7\" data-element_type=\"widget\" data-widget_type=\"text-editor.default\">\n\t\t\t\t<div class=\"elementor-widget-container\">\n\t\t\t\t\t\t\t<p><b>\u00bfEn qu\u00e9 se caracteriza un clima laboral negativo?<\/b><\/p>\t\t\t\t\t\t<\/div>\n\t\t\t\t<\/div>\n\t\t\t\t<div class=\"elementor-element elementor-element-979cdaa elementor-widget elementor-widget-text-editor\" data-id=\"979cdaa\" data-element_type=\"widget\" data-widget_type=\"text-editor.default\">\n\t\t\t\t<div class=\"elementor-widget-container\">\n\t\t\t\t\t\t\t<ul><li style=\"font-weight: 400;\" aria-level=\"1\"><b>Escasas oportunidades de desarrollo:<\/b><span style=\"font-weight: 400;\"> existe falta de oportunidades para avanzar en sus carreras.<\/span><\/li><li style=\"font-weight: 400;\" aria-level=\"1\"><b>Comunicaci\u00f3n deficiente:<\/b><span style=\"font-weight: 400;\"> las deficiencias en la comunicaci\u00f3n pueden derivar en malentendidos y conflictos.<\/span><\/li><li style=\"font-weight: 400;\" aria-level=\"1\"><b>Relaciones tensas:<\/b><span style=\"font-weight: 400;\"> las relaciones entre empleados y equipos son escasas, conflictivas y\/o distantes.<\/span><\/li><li style=\"font-weight: 400;\" aria-level=\"1\"><span style=\"font-weight: 400;\"><b>Falta de reconocimiento:<\/b> puede ocasionar un descenso de la calidad de sus entregas; por mucho que hagan los empleados no ven que se valore su trabajo.<\/span><\/li><\/ul>\t\t\t\t\t\t<\/div>\n\t\t\t\t<\/div>\n\t\t\t\t<div class=\"elementor-element elementor-element-dbcc82d elementor-widget elementor-widget-text-editor\" data-id=\"dbcc82d\" data-element_type=\"widget\" data-widget_type=\"text-editor.default\">\n\t\t\t\t<div class=\"elementor-widget-container\">\n\t\t\t\t\t\t\t<p><b>\u00bfCu\u00e1l es el impacto del clima laboral negativo?<\/b><\/p>\t\t\t\t\t\t<\/div>\n\t\t\t\t<\/div>\n\t\t\t\t<div class=\"elementor-element elementor-element-0a804d7 elementor-widget elementor-widget-text-editor\" data-id=\"0a804d7\" data-element_type=\"widget\" data-widget_type=\"text-editor.default\">\n\t\t\t\t<div class=\"elementor-widget-container\">\n\t\t\t\t\t\t\t<ul><li style=\"font-weight: 400;\" aria-level=\"1\"><span style=\"font-weight: 400;\">Menor productividad.<\/span><\/li><li style=\"font-weight: 400;\" aria-level=\"1\"><span style=\"font-weight: 400;\">Alta rotaci\u00f3n de personal.<\/span><\/li><li style=\"font-weight: 400;\" aria-level=\"1\"><span style=\"font-weight: 400;\">Problemas de salud mental y f\u00edsica.<\/span><\/li><li style=\"font-weight: 400;\" aria-level=\"1\"><span style=\"font-weight: 400;\">Falta de creatividad e innovaci\u00f3n.<\/span><\/li><li style=\"font-weight: 400;\" aria-level=\"1\"><span style=\"font-weight: 400;\">Reputaci\u00f3n negativa.<\/span><\/li><\/ul>\t\t\t\t\t\t<\/div>\n\t\t\t\t<\/div>\n\t\t\t\t<div class=\"elementor-element elementor-element-41fdbdd elementor-widget elementor-widget-heading\" data-id=\"41fdbdd\" data-element_type=\"widget\" data-widget_type=\"heading.default\">\n\t\t\t\t<div class=\"elementor-widget-container\">\n\t\t\t<h3 class=\"elementor-heading-title elementor-size-default\">El clima laboral autoritario<\/h3>\t\t<\/div>\n\t\t\t\t<\/div>\n\t\t\t\t<div class=\"elementor-element elementor-element-dc17627 elementor-widget elementor-widget-text-editor\" data-id=\"dc17627\" data-element_type=\"widget\" data-widget_type=\"text-editor.default\">\n\t\t\t\t<div class=\"elementor-widget-container\">\n\t\t\t\t\t\t\t<p><span style=\"font-weight: 400;\">El clima laboral autoritario est\u00e1 caracterizado por la falta de confianza en los empleados. En este tipo de ambiente no existe la toma de decisiones conjunta y las interacciones entre los empleados son m\u00ednimas.\u00a0<\/span><\/p>\t\t\t\t\t\t<\/div>\n\t\t\t\t<\/div>\n\t\t\t\t<div class=\"elementor-element elementor-element-b6511b4 elementor-widget elementor-widget-text-editor\" data-id=\"b6511b4\" data-element_type=\"widget\" data-widget_type=\"text-editor.default\">\n\t\t\t\t<div class=\"elementor-widget-container\">\n\t\t\t\t\t\t\t<p><b>\u00bfEn qu\u00e9 se caracteriza un clima laboral autoritario?<\/b><\/p>\t\t\t\t\t\t<\/div>\n\t\t\t\t<\/div>\n\t\t\t\t<div class=\"elementor-element elementor-element-6e785de elementor-widget elementor-widget-text-editor\" data-id=\"6e785de\" data-element_type=\"widget\" data-widget_type=\"text-editor.default\">\n\t\t\t\t<div class=\"elementor-widget-container\">\n\t\t\t\t\t\t\t<ul><li style=\"font-weight: 400;\" aria-level=\"1\"><b>Falta de confianza: <\/b><span style=\"font-weight: 400;\">los managers no conf\u00edan en el trabajo ni capacidad de decisi\u00f3n de los empleados, lo que se traduce en una supervisi\u00f3n estricta y r\u00edgida.<\/span><\/li><li style=\"font-weight: 400;\" aria-level=\"1\"><b>Comunicaci\u00f3n deficiente: <\/b><span style=\"font-weight: 400;\">unidireccional y escasa, predominando las \u00f3rdenes e instrucciones sin espacio para el feedback.<\/span><\/li><li style=\"font-weight: 400;\" aria-level=\"1\"><b>Decisiones centralizadas: <\/b><span style=\"font-weight: 400;\">las decisiones importantes las toman las mismas personas, sin la participaci\u00f3n de otros\u00a0 empleados.<\/span><\/li><li style=\"font-weight: 400;\" aria-level=\"1\"><b>Interacciones m\u00ednimas: <\/b><span style=\"font-weight: 400;\">las relaciones entre empleados son muy poco frecuentes, lo que puede generar una sensaci\u00f3n de distancia y desconfianza.<\/span><\/li><li style=\"font-weight: 400;\" aria-level=\"1\"><span style=\"font-weight: 400;\"><b>Ambiente de presi\u00f3n: <\/b>se suele trabajar bajo alta presi\u00f3n y con poca autonom\u00eda, afectando negativamente a la motivaci\u00f3n y satisfacci\u00f3n.<\/span><\/li><\/ul>\t\t\t\t\t\t<\/div>\n\t\t\t\t<\/div>\n\t\t\t\t<div class=\"elementor-element elementor-element-927b695 elementor-widget elementor-widget-text-editor\" data-id=\"927b695\" data-element_type=\"widget\" data-widget_type=\"text-editor.default\">\n\t\t\t\t<div class=\"elementor-widget-container\">\n\t\t\t\t\t\t\t<p><b>\u00bfCu\u00e1l es el impacto del clima laboral autoritario?<\/b><\/p>\t\t\t\t\t\t<\/div>\n\t\t\t\t<\/div>\n\t\t\t\t<div class=\"elementor-element elementor-element-70a9832 elementor-widget elementor-widget-text-editor\" data-id=\"70a9832\" data-element_type=\"widget\" data-widget_type=\"text-editor.default\">\n\t\t\t\t<div class=\"elementor-widget-container\">\n\t\t\t\t\t\t\t<ul><li style=\"font-weight: 400;\" aria-level=\"1\"><span style=\"font-weight: 400;\">Baja motivaci\u00f3n.<\/span><\/li><li style=\"font-weight: 400;\" aria-level=\"1\"><span style=\"font-weight: 400;\">Menor innovaci\u00f3n.<\/span><\/li><li style=\"font-weight: 400;\" aria-level=\"1\"><span style=\"font-weight: 400;\">Productividad limitada.<\/span><\/li><li style=\"font-weight: 400;\" aria-level=\"1\"><span style=\"font-weight: 400;\">Alta rotaci\u00f3n de personal.<\/span><\/li><\/ul>\t\t\t\t\t\t<\/div>\n\t\t\t\t<\/div>\n\t\t\t\t<div class=\"elementor-element elementor-element-af65280 elementor-widget elementor-widget-heading\" data-id=\"af65280\" data-element_type=\"widget\" data-widget_type=\"heading.default\">\n\t\t\t\t<div class=\"elementor-widget-container\">\n\t\t\t<h3 class=\"elementor-heading-title elementor-size-default\">El clima laboral paternalista<\/h3>\t\t<\/div>\n\t\t\t\t<\/div>\n\t\t\t\t<div class=\"elementor-element elementor-element-af2cf9d elementor-widget elementor-widget-text-editor\" data-id=\"af2cf9d\" data-element_type=\"widget\" data-widget_type=\"text-editor.default\">\n\t\t\t\t<div class=\"elementor-widget-container\">\n\t\t\t\t\t\t\t<p><span style=\"font-weight: 400;\">El clima laboral paternalista se caracteriza por estructuras jer\u00e1rquicas muy r\u00edgidas y verticales, donde las posibilidades de promoci\u00f3n son pr\u00e1cticamente inexistentes. En este tipo de ambiente, las personas empleadas a menudo no se sienten identificadas con la filosof\u00eda, misi\u00f3n y objetivos de la empresa, lo que puede generar un sentido de desconexi\u00f3n y desmotivaci\u00f3n.<\/span><\/p>\t\t\t\t\t\t<\/div>\n\t\t\t\t<\/div>\n\t\t\t\t<div class=\"elementor-element elementor-element-4641068 elementor-widget elementor-widget-text-editor\" data-id=\"4641068\" data-element_type=\"widget\" data-widget_type=\"text-editor.default\">\n\t\t\t\t<div class=\"elementor-widget-container\">\n\t\t\t\t\t\t\t<p><b>\u00bfEn qu\u00e9 se caracteriza un clima laboral paternalista?<\/b><\/p>\t\t\t\t\t\t<\/div>\n\t\t\t\t<\/div>\n\t\t\t\t<div class=\"elementor-element elementor-element-621839d elementor-widget elementor-widget-text-editor\" data-id=\"621839d\" data-element_type=\"widget\" data-widget_type=\"text-editor.default\">\n\t\t\t\t<div class=\"elementor-widget-container\">\n\t\t\t\t\t\t\t<ul><li style=\"font-weight: 400;\" aria-level=\"1\"><b>Estructuras jer\u00e1rquicas r\u00edgidas: <\/b><span style=\"font-weight: 400;\">estricta, con roles y responsabilidades muy\u00a0 definidos y falta de flexibilidad.<\/span><\/li><li style=\"font-weight: 400;\" aria-level=\"1\"><b>Comunicaci\u00f3n vertical:<\/b><span style=\"font-weight: 400;\"> existe con poca oportunidad para el di\u00e1logo abierto y el feedback desde los niveles inferiores hacia los superiores.<\/span><\/li><li style=\"font-weight: 400;\" aria-level=\"1\"><b>Enfoque protector: <\/b><span style=\"font-weight: 400;\">se toman decisiones en nombre de los empleados y tratando de cuidar de ellos, pero sin involucrarlos en el proceso.<\/span><\/li><li aria-level=\"1\"><b>Escasas oportunidades de promoci\u00f3n:<\/b><span style=\"font-weight: 400;\"> el desarrollo profesional es limitado, derivando en frustraci\u00f3n y desmotivaci\u00f3n entre los empleados.<\/span><\/li><\/ul>\t\t\t\t\t\t<\/div>\n\t\t\t\t<\/div>\n\t\t\t\t<div class=\"elementor-element elementor-element-7666871 elementor-widget elementor-widget-text-editor\" data-id=\"7666871\" data-element_type=\"widget\" data-widget_type=\"text-editor.default\">\n\t\t\t\t<div class=\"elementor-widget-container\">\n\t\t\t\t\t\t\t<p><b>\u00bfCu\u00e1l es el impacto del clima laboral paternalista?<\/b><\/p>\t\t\t\t\t\t<\/div>\n\t\t\t\t<\/div>\n\t\t\t\t<div class=\"elementor-element elementor-element-4f95207 elementor-widget elementor-widget-text-editor\" data-id=\"4f95207\" data-element_type=\"widget\" data-widget_type=\"text-editor.default\">\n\t\t\t\t<div class=\"elementor-widget-container\">\n\t\t\t\t\t\t\t<ul><li style=\"font-weight: 400;\" aria-level=\"1\"><span style=\"font-weight: 400;\">Satisfacci\u00f3n limitada.<\/span><\/li><li style=\"font-weight: 400;\" aria-level=\"1\"><span style=\"font-weight: 400;\">Baja proactividad.<\/span><\/li><li style=\"font-weight: 400;\" aria-level=\"1\"><span style=\"font-weight: 400;\">Rotaci\u00f3n impredecible.<\/span><\/li><li style=\"font-weight: 400;\" aria-level=\"1\"><span style=\"font-weight: 400;\">Productividad limitada.<\/span><\/li><\/ul>\t\t\t\t\t\t<\/div>\n\t\t\t\t<\/div>\n\t\t\t\t<div class=\"elementor-element elementor-element-2654c7a elementor-widget elementor-widget-heading\" data-id=\"2654c7a\" data-element_type=\"widget\" data-widget_type=\"heading.default\">\n\t\t\t\t<div class=\"elementor-widget-container\">\n\t\t\t<h3 class=\"elementor-heading-title elementor-size-default\">El clima laboral consultivo<\/h3>\t\t<\/div>\n\t\t\t\t<\/div>\n\t\t\t\t<div class=\"elementor-element elementor-element-484bf04 elementor-widget elementor-widget-text-editor\" data-id=\"484bf04\" data-element_type=\"widget\" data-widget_type=\"text-editor.default\">\n\t\t\t\t<div class=\"elementor-widget-container\">\n\t\t\t\t\t\t\t<p><span style=\"font-weight: 400;\">El clima laboral consultivo se caracteriza por una gran confianza en los empleados, haci\u00e9ndolos part\u00edcipes de la toma de decisiones y otorg\u00e1ndoles una gran autonom\u00eda. Por lo normal, este tipo de clima fomenta la proactividad, y es m\u00e1s flexible y adaptable a los cambios.<\/span><\/p>\t\t\t\t\t\t<\/div>\n\t\t\t\t<\/div>\n\t\t\t\t<div class=\"elementor-element elementor-element-bff7e0a elementor-widget elementor-widget-text-editor\" data-id=\"bff7e0a\" data-element_type=\"widget\" data-widget_type=\"text-editor.default\">\n\t\t\t\t<div class=\"elementor-widget-container\">\n\t\t\t\t\t\t\t<p><b>\u00bfEn qu\u00e9 se caracteriza un clima laboral consultivo?<\/b><\/p>\t\t\t\t\t\t<\/div>\n\t\t\t\t<\/div>\n\t\t\t\t<div class=\"elementor-element elementor-element-455833e elementor-widget elementor-widget-text-editor\" data-id=\"455833e\" data-element_type=\"widget\" data-widget_type=\"text-editor.default\">\n\t\t\t\t<div class=\"elementor-widget-container\">\n\t\t\t\t\t\t\t<ul><li style=\"font-weight: 400;\" aria-level=\"1\"><b>Alta confianza: <\/b><span style=\"font-weight: 400;\">en las capacidades y el juicio de los empleados, involucr\u00e1ndolos en el proceso de toma de decisiones.<\/span><\/li><li style=\"font-weight: 400;\" aria-level=\"1\"><b>Autonom\u00eda: <\/b><span style=\"font-weight: 400;\">en la toma de decisiones, fomentando la proactividad y la creatividad.<\/span><\/li><li style=\"font-weight: 400;\" aria-level=\"1\"><b>Participaci\u00f3n activa: <\/b><span style=\"font-weight: 400;\">se fomenta la escucha y las opiniones son valoradas en la toma de decisiones estrat\u00e9gicas y operativas.<\/span><\/li><li style=\"font-weight: 400;\" aria-level=\"1\"><b>Comunicaci\u00f3n bidireccional: <\/b><span style=\"font-weight: 400;\">que permite el intercambio de ideas y feedback entre todos los niveles de la organizaci\u00f3n.<\/span><\/li><li aria-level=\"1\"><b>Actitudes din\u00e1micas: <\/b><span style=\"font-weight: 400;\">donde los empleados se sienten capacitados para adaptarse a los cambios y proponer mejoras.<\/span><\/li><\/ul>\t\t\t\t\t\t<\/div>\n\t\t\t\t<\/div>\n\t\t\t\t<div class=\"elementor-element elementor-element-58e62da elementor-widget elementor-widget-text-editor\" data-id=\"58e62da\" data-element_type=\"widget\" data-widget_type=\"text-editor.default\">\n\t\t\t\t<div class=\"elementor-widget-container\">\n\t\t\t\t\t\t\t<p><b>\u00bfCu\u00e1l es el impacto del clima laboral consultivo?<\/b><\/p>\t\t\t\t\t\t<\/div>\n\t\t\t\t<\/div>\n\t\t\t\t<div class=\"elementor-element elementor-element-db953a7 elementor-widget elementor-widget-text-editor\" data-id=\"db953a7\" data-element_type=\"widget\" data-widget_type=\"text-editor.default\">\n\t\t\t\t<div class=\"elementor-widget-container\">\n\t\t\t\t\t\t\t<ul><li style=\"font-weight: 400;\" aria-level=\"1\"><span style=\"font-weight: 400;\">Alta motivaci\u00f3n.<\/span><\/li><li style=\"font-weight: 400;\" aria-level=\"1\"><span style=\"font-weight: 400;\">Gran innovaci\u00f3n y creatividad.<\/span><\/li><li style=\"font-weight: 400;\" aria-level=\"1\"><span style=\"font-weight: 400;\">Alta productividad.<\/span><\/li><li style=\"font-weight: 400;\" aria-level=\"1\"><span style=\"font-weight: 400;\">Baja rotaci\u00f3n de personal.<\/span><\/li><li style=\"font-weight: 400;\" aria-level=\"1\"><span style=\"font-weight: 400;\">Adaptabilidad a los cambios.<\/span><\/li><\/ul>\t\t\t\t\t\t<\/div>\n\t\t\t\t<\/div>\n\t\t\t\t\t<\/div>\n\t\t<\/div>\n\t\t\t\t\t<\/div>\n\t\t<\/section>\n\t\t\t\t<section class=\"elementor-section elementor-top-section elementor-element elementor-element-d7719f2 elementor-section-boxed elementor-section-height-default elementor-section-height-default\" data-id=\"d7719f2\" data-element_type=\"section\" data-settings=\"{&quot;jet_parallax_layout_list&quot;:[{&quot;jet_parallax_layout_image&quot;:{&quot;url&quot;:&quot;&quot;,&quot;id&quot;:&quot;&quot;,&quot;size&quot;:&quot;&quot;},&quot;_id&quot;:&quot;f13a572&quot;,&quot;jet_parallax_layout_image_tablet&quot;:{&quot;url&quot;:&quot;&quot;,&quot;id&quot;:&quot;&quot;,&quot;size&quot;:&quot;&quot;},&quot;jet_parallax_layout_image_mobile&quot;:{&quot;url&quot;:&quot;&quot;,&quot;id&quot;:&quot;&quot;,&quot;size&quot;:&quot;&quot;},&quot;jet_parallax_layout_speed&quot;:{&quot;unit&quot;:&quot;%&quot;,&quot;size&quot;:50,&quot;sizes&quot;:[]},&quot;jet_parallax_layout_type&quot;:&quot;scroll&quot;,&quot;jet_parallax_layout_direction&quot;:&quot;1&quot;,&quot;jet_parallax_layout_fx_direction&quot;:null,&quot;jet_parallax_layout_z_index&quot;:&quot;&quot;,&quot;jet_parallax_layout_bg_x&quot;:50,&quot;jet_parallax_layout_bg_x_tablet&quot;:&quot;&quot;,&quot;jet_parallax_layout_bg_x_mobile&quot;:&quot;&quot;,&quot;jet_parallax_layout_bg_y&quot;:50,&quot;jet_parallax_layout_bg_y_tablet&quot;:&quot;&quot;,&quot;jet_parallax_layout_bg_y_mobile&quot;:&quot;&quot;,&quot;jet_parallax_layout_bg_size&quot;:&quot;auto&quot;,&quot;jet_parallax_layout_bg_size_tablet&quot;:&quot;&quot;,&quot;jet_parallax_layout_bg_size_mobile&quot;:&quot;&quot;,&quot;jet_parallax_layout_animation_prop&quot;:&quot;transform&quot;,&quot;jet_parallax_layout_on&quot;:[&quot;desktop&quot;,&quot;tablet&quot;]}]}\">\n\t\t\t\t\t\t<div class=\"elementor-container elementor-column-gap-default\">\n\t\t\t\t\t<div class=\"elementor-column elementor-col-100 elementor-top-column elementor-element elementor-element-29d446c\" data-id=\"29d446c\" data-element_type=\"column\">\n\t\t\t<div class=\"elementor-widget-wrap elementor-element-populated\">\n\t\t\t\t\t\t<div class=\"elementor-element elementor-element-215efbb elementor-widget elementor-widget-heading\" data-id=\"215efbb\" data-element_type=\"widget\" data-widget_type=\"heading.default\">\n\t\t\t\t<div class=\"elementor-widget-container\">\n\t\t\t<h2 class=\"elementor-heading-title elementor-size-default\">Herramientas para medir el clima organizacional<\/h2>\t\t<\/div>\n\t\t\t\t<\/div>\n\t\t\t\t<div class=\"elementor-element elementor-element-1f1c422 elementor-widget elementor-widget-text-editor\" data-id=\"1f1c422\" data-element_type=\"widget\" data-widget_type=\"text-editor.default\">\n\t\t\t\t<div class=\"elementor-widget-container\">\n\t\t\t\t\t\t\t<p><span style=\"font-weight: 400;\">Si quieres medir el clima laboral de tu empresa, <\/span><b>lo m\u00e1s sencillo para ahorrar tiempo y evitar errores es implementar un software espec\u00edficamente dedicado para ello<\/b><span style=\"font-weight: 400;\">.\u00a0 <\/span><a href=\"https:\/\/nailted.com\/es\/\"><span style=\"font-weight: 400;\">Nailted<\/span><\/a><span style=\"font-weight: 400;\"> es una suite completa de engagement que integra un canal de feedback an\u00f3nimo que te permite medir el clima laboral de tu empresa en tiempo real. Adem\u00e1s cuenta con un dashboard que te facilita el an\u00e1lisis y reporting.<\/span><\/p>\t\t\t\t\t\t<\/div>\n\t\t\t\t<\/div>\n\t\t\t\t<div class=\"elementor-element elementor-element-850d657 elementor-widget elementor-widget-text-editor\" data-id=\"850d657\" data-element_type=\"widget\" data-widget_type=\"text-editor.default\">\n\t\t\t\t<div class=\"elementor-widget-container\">\n\t\t\t\t\t\t\t<ul><li style=\"font-weight: 400;\" aria-level=\"1\"><span style=\"font-weight: 400;\">Cuenta con <\/span><b>m\u00e1s de 100 preguntas<\/b><span style=\"font-weight: 400;\"> que se organizan de forma autom\u00e1tica en encuestas de clima laboral de unas 10 preguntas.\u00a0<\/span><\/li><li style=\"font-weight: 400;\" aria-level=\"1\"><span style=\"font-weight: 400;\">Incluye <\/span><b>recordatorios autom\u00e1ticos<\/b><span style=\"font-weight: 400;\"> para incrementar la participaci\u00f3n en las encuestas de clima.<\/span><\/li><li style=\"font-weight: 400;\" aria-level=\"1\"><span style=\"font-weight: 400;\">Te permite configurar los ciclos de encuestas en base al <\/span><b>periodo que quieras<\/b><span style=\"font-weight: 400;\">. No tendr\u00e1s que preocuparte del env\u00edo, \u00fanicamente de analizar los datos.\u00a0<\/span><\/li><li aria-level=\"1\"><span style=\"font-weight: 400;\">Las respuestas, por defecto, son <\/span><b>completamente an\u00f3nimas<\/b><span style=\"font-weight: 400;\">. Aunque tambi\u00e9n puedes crear encuestas personalizadas nominales o an\u00f3nimas.<\/span><\/li><\/ul>\t\t\t\t\t\t<\/div>\n\t\t\t\t<\/div>\n\t\t\t\t<div class=\"elementor-element elementor-element-20179f5 elementor-widget elementor-widget-spacer\" data-id=\"20179f5\" data-element_type=\"widget\" data-widget_type=\"spacer.default\">\n\t\t\t\t<div class=\"elementor-widget-container\">\n\t\t\t\t\t<div class=\"elementor-spacer\">\n\t\t\t<div class=\"elementor-spacer-inner\"><\/div>\n\t\t<\/div>\n\t\t\t\t<\/div>\n\t\t\t\t<\/div>\n\t\t\t\t<div class=\"elementor-element elementor-element-4cc914e elementor-widget elementor-widget-image\" data-id=\"4cc914e\" data-element_type=\"widget\" data-widget_type=\"image.default\">\n\t\t\t\t<div class=\"elementor-widget-container\">\n\t\t\t\t\t\t\t\t\t\t\t\t\t<img fetchpriority=\"high\" width=\"1024\" height=\"682\" src=\"https:\/\/nailted.com\/blog\/wp-content\/uploads\/2024\/07\/Nailted-software-para-encuestas-de-bienestar-y-clima-para-empresas-45x30.png\" class=\"attachment-large size-large wp-image-12938 lazy\" alt=\"Nailted - software para encuestas de bienestar y clima para empresas\" data-srcset=\"https:\/\/nailted.com\/blog\/wp-content\/uploads\/2024\/07\/Nailted-software-para-encuestas-de-bienestar-y-clima-para-empresas.png 1024w, https:\/\/nailted.com\/blog\/wp-content\/uploads\/2024\/07\/Nailted-software-para-encuestas-de-bienestar-y-clima-para-empresas-300x200.png 300w, https:\/\/nailted.com\/blog\/wp-content\/uploads\/2024\/07\/Nailted-software-para-encuestas-de-bienestar-y-clima-para-empresas-768x512.png 768w, https:\/\/nailted.com\/blog\/wp-content\/uploads\/2024\/07\/Nailted-software-para-encuestas-de-bienestar-y-clima-para-empresas-45x30.png 45w\" data-sizes=\"100vw\" data-width=\"1024\" data-height=\"682\" data-src=\"https:\/\/nailted.com\/blog\/wp-content\/uploads\/2024\/07\/Nailted-software-para-encuestas-de-bienestar-y-clima-para-empresas.png\" srcset=\"https:\/\/nailted.com\/blog\/wp-content\/uploads\/2024\/07\/Nailted-software-para-encuestas-de-bienestar-y-clima-para-empresas-45x30.png 45w, https:\/\/nailted.com\/blog\/wp-content\/uploads\/2024\/07\/Nailted-software-para-encuestas-de-bienestar-y-clima-para-empresas-300x200.png 300w, https:\/\/nailted.com\/blog\/wp-content\/uploads\/2024\/07\/Nailted-software-para-encuestas-de-bienestar-y-clima-para-empresas-768x512.png 768w, https:\/\/nailted.com\/blog\/wp-content\/uploads\/2024\/07\/Nailted-software-para-encuestas-de-bienestar-y-clima-para-empresas.png 1024w\" sizes=\"(max-width: 1024px) 100vw, 1024px\" \/>\t\t\t\t\t\t\t\t\t\t\t\t\t<\/div>\n\t\t\t\t<\/div>\n\t\t\t\t<div class=\"elementor-element elementor-element-95d34c0 elementor-widget elementor-widget-spacer\" data-id=\"95d34c0\" data-element_type=\"widget\" data-widget_type=\"spacer.default\">\n\t\t\t\t<div class=\"elementor-widget-container\">\n\t\t\t\t\t<div class=\"elementor-spacer\">\n\t\t\t<div class=\"elementor-spacer-inner\"><\/div>\n\t\t<\/div>\n\t\t\t\t<\/div>\n\t\t\t\t<\/div>\n\t\t\t\t<div class=\"elementor-element elementor-element-9723a21 elementor-widget elementor-widget-text-editor\" data-id=\"9723a21\" data-element_type=\"widget\" data-widget_type=\"text-editor.default\">\n\t\t\t\t<div class=\"elementor-widget-container\">\n\t\t\t\t\t\t\t<ul><li style=\"font-weight: 400;\" aria-level=\"1\"><b>Las preguntas est\u00e1n asociadas a m\u00e9tricas y subm\u00e9tricas<\/b><span style=\"font-weight: 400;\">. Esto te permite medir diversos aspectos del clima laboral de forma aislada y en conjunto: feedback, compa\u00f1erismo, satisfacci\u00f3n, reconocimiento, direcci\u00f3n, etc.\u00a0<\/span><\/li><li style=\"font-weight: 400;\" aria-level=\"1\"><span style=\"font-weight: 400;\">Puedes definir <\/span><b>m\u00e9tricas customizadas<\/b><span style=\"font-weight: 400;\"> que se ajusten a tus necesidades y, con ello, crear preguntas que se incluir\u00e1n de forma aleatoria en tus encuestas.<\/span><\/li><li style=\"font-weight: 400;\" aria-level=\"1\"><span style=\"font-weight: 400;\">Nunca se enviar\u00e1 la misma encuesta a todos los empleados. Esto te permite <\/span><b>recoger datos de todas las m\u00e9tricas<\/b><span style=\"font-weight: 400;\"> en cada ciclo de lanzamiento.\u00a0<\/span><\/li><li aria-level=\"1\"><span style=\"font-weight: 400;\">Adem\u00e1s del feedback recogido en las preguntas de tus encuestas, los empleados pueden <\/span><b>enviar feedback an\u00f3nimo<\/b><span style=\"font-weight: 400;\"> sobre cualquier tipo de problema que les preocupe en cualquier momento.<\/span><\/li><\/ul>\t\t\t\t\t\t<\/div>\n\t\t\t\t<\/div>\n\t\t\t\t<div class=\"elementor-element elementor-element-3feba7f elementor-widget elementor-widget-text-editor\" data-id=\"3feba7f\" data-element_type=\"widget\" data-widget_type=\"text-editor.default\">\n\t\t\t\t<div class=\"elementor-widget-container\">\n\t\t\t\t\t\t\t<p><span style=\"font-weight: 400;\">Medir el clima laboral es un proceso esencial para cualquier empresa que desee conocer el estado de la experiencia de sus empleados y mejorarlo. Recuerda que u<\/span><b>n clima laboral positivo no solo beneficia a los empleados, sino que tambi\u00e9n contribuye al \u00e9xito<\/b><span style=\"font-weight: 400;\"> y la sostenibilidad de la organizaci\u00f3n en su conjunto.<\/span><\/p>\t\t\t\t\t\t<\/div>\n\t\t\t\t<\/div>\n\t\t\t\t\t<\/div>\n\t\t<\/div>\n\t\t\t\t\t<\/div>\n\t\t<\/section>\n\t\t\t\t<\/div>\n\t\t","protected":false},"excerpt":{"rendered":"<p>Incluye una plantilla para tus encuestas de clima.<\/p>\n","protected":false},"author":6,"featured_media":13017,"comment_status":"closed","ping_status":"closed","sticky":false,"template":"","format":"image","meta":{"episode_type":"audio","audio_file":"","podmotor_file_id":"","podmotor_episode_id":"","cover_image":"","cover_image_id":"","duration":"","filesize":"","filesize_raw":"","date_recorded":"","explicit":"","block":"","itunes_episode_number":"","itunes_title":"","itunes_season_number":"","itunes_episode_type":"","cybocfi_hide_featured_image":""},"categories":[204],"tags":[311,275,267,283],"series":[367],"episode_featured_image":"https:\/\/nailted.com\/blog\/wp-content\/uploads\/2024\/07\/Ima\u0301genes-blog-1024x682-1.jpg","episode_player_image":"https:\/\/nailted.com\/blog\/wp-content\/uploads\/2020\/11\/Company-culture-matters-1.jpg","download_link":"","player_link":"","audio_player":false,"episode_data":{"playerMode":"dark","subscribeUrls":{"spotify":{"key":"spotify","url":"https:\/\/open.spotify.com\/show\/1Bl7apd3ITSFD45mwUi1Og?si=T_w80oYURZ22ZGjPMD-LsQ","label":"Spotify","class":"spotify","icon":"spotify.png"},"itunes":{"key":"itunes","url":"https:\/\/podcasts.apple.com\/es\/podcast\/company-culture-matters-by-nailted\/id1545900885","label":"iTunes","class":"itunes","icon":"itunes.png"}},"rssFeedUrl":"https:\/\/nailted.com\/blog\/feed\/podcast\/company-culture-matters","embedCode":"<blockquote class=\"wp-embedded-content\" data-secret=\"iEJeIw2GfH\"><a href=\"https:\/\/nailted.com\/blog\/es\/como-medir-el-clima-laboral\/\">C\u00f3mo medir el clima laboral: 8 indicadores clave [ + Plantilla para Encuestas ]<\/a><\/blockquote><iframe sandbox=\"allow-scripts\" security=\"restricted\" src=\"https:\/\/nailted.com\/blog\/es\/como-medir-el-clima-laboral\/embed\/#?secret=iEJeIw2GfH\" width=\"500\" height=\"350\" title=\"\u00abC\u00f3mo medir el clima laboral: 8 indicadores clave [ + Plantilla para Encuestas ]\u00bb \u2014 \" data-secret=\"iEJeIw2GfH\" frameborder=\"0\" marginwidth=\"0\" marginheight=\"0\" scrolling=\"no\" class=\"wp-embedded-content\"><\/iframe><script type=\"text\/javascript\">\n\/*! This file is auto-generated *\/\n!function(c,d){\"use strict\";var e=!1,o=!1;if(d.querySelector)if(c.addEventListener)e=!0;if(c.wp=c.wp||{},c.wp.receiveEmbedMessage);else if(c.wp.receiveEmbedMessage=function(e){var t=e.data;if(!t);else if(!(t.secret||t.message||t.value));else if(\/[^a-zA-Z0-9]\/.test(t.secret));else{for(var r,s,a,i=d.querySelectorAll('iframe[data-secret=\"'+t.secret+'\"]'),n=d.querySelectorAll('blockquote[data-secret=\"'+t.secret+'\"]'),o=new RegExp(\"^https?:$\",\"i\"),l=0;l<n.length;l++)n[l].style.display=\"none\";for(l=0;l<i.length;l++)if(r=i[l],e.source!==r.contentWindow);else{if(r.removeAttribute(\"style\"),\"height\"===t.message){if(1e3<(s=parseInt(t.value,10)))s=1e3;else if(~~s<200)s=200;r.height=s}if(\"link\"===t.message)if(s=d.createElement(\"a\"),a=d.createElement(\"a\"),s.href=r.getAttribute(\"src\"),a.href=t.value,!o.test(a.protocol));else if(a.host===s.host)if(d.activeElement===r)c.top.location.href=t.value}}},e)c.addEventListener(\"message\",c.wp.receiveEmbedMessage,!1),d.addEventListener(\"DOMContentLoaded\",t,!1),c.addEventListener(\"load\",t,!1);function t(){if(o);else{o=!0;for(var e,t,r,s=-1!==navigator.appVersion.indexOf(\"MSIE 10\"),a=!!navigator.userAgent.match(\/Trident.*rv:11\\.\/),i=d.querySelectorAll(\"iframe.wp-embedded-content\"),n=0;n<i.length;n++){if(!(r=(t=i[n]).getAttribute(\"data-secret\")))r=Math.random().toString(36).substr(2,10),t.src+=\"#?secret=\"+r,t.setAttribute(\"data-secret\",r);if(s||a)(e=t.cloneNode(!0)).removeAttribute(\"security\"),t.parentNode.replaceChild(e,t);t.contentWindow.postMessage({message:\"ready\",secret:r},\"*\")}}}}(window,document);\n<\/script>\n"},"yoast_head":"<!-- This site is optimized with the Yoast SEO plugin v20.6 - https:\/\/yoast.com\/wordpress\/plugins\/seo\/ -->\n<title>C\u00f3mo Medir los Indicadores de Clima laboral [ Plantilla encuesta]<\/title>\n<meta name=\"description\" content=\"Descubre c\u00f3mo medir el clima laboral y sus 8 Indicadores. Incluye una plantilla en excel con +240 preguntas para preparar tus encuestas de clima.\" \/>\n<meta name=\"robots\" content=\"index, follow, max-snippet:-1, max-image-preview:large, max-video-preview:-1\" \/>\n<link rel=\"canonical\" href=\"https:\/\/nailted.com\/blog\/es\/como-medir-el-clima-laboral\/\" \/>\n<meta property=\"og:locale\" content=\"es_ES\" \/>\n<meta property=\"og:type\" content=\"article\" \/>\n<meta property=\"og:title\" content=\"C\u00f3mo Medir los Indicadores de Clima laboral [ Plantilla encuesta]\" \/>\n<meta property=\"og:description\" content=\"Descubre c\u00f3mo medir el clima laboral y sus 8 Indicadores. Incluye una plantilla en excel con +240 preguntas para preparar tus encuestas de clima.\" \/>\n<meta property=\"og:url\" content=\"https:\/\/nailted.com\/blog\/es\/como-medir-el-clima-laboral\/\" \/>\n<meta property=\"article:publisher\" content=\"https:\/\/www.facebook.com\/nailted\/\" \/>\n<meta property=\"article:published_time\" content=\"2024-07-23T12:57:10+00:00\" \/>\n<meta property=\"article:modified_time\" content=\"2024-12-11T13:22:30+00:00\" \/>\n<meta property=\"og:image\" content=\"https:\/\/nailted.com\/blog\/wp-content\/uploads\/2024\/07\/Ima\u0301genes-blog-1024x682-1.jpg\" \/>\n\t<meta property=\"og:image:width\" content=\"1024\" \/>\n\t<meta property=\"og:image:height\" content=\"682\" \/>\n\t<meta property=\"og:image:type\" content=\"image\/jpeg\" \/>\n<meta name=\"author\" content=\"Laura Hern\u00e1ndez\" \/>\n<meta name=\"twitter:card\" content=\"summary_large_image\" \/>\n<meta name=\"twitter:image\" content=\"https:\/\/nailted.com\/blog\/wp-content\/uploads\/2020\/06\/Twitter-NegFeedback.jpg\" \/>\n<meta name=\"twitter:creator\" content=\"@_nailted\" \/>\n<meta name=\"twitter:site\" content=\"@_nailted\" \/>\n<meta name=\"twitter:label1\" content=\"Escrito por\" \/>\n\t<meta name=\"twitter:data1\" content=\"Laura Hern\u00e1ndez\" \/>\n\t<meta name=\"twitter:label2\" content=\"Tiempo de lectura\" \/>\n\t<meta name=\"twitter:data2\" content=\"18 minutos\" \/>\n<script type=\"application\/ld+json\" class=\"yoast-schema-graph\">{\"@context\":\"https:\/\/schema.org\",\"@graph\":[{\"@type\":\"Article\",\"@id\":\"https:\/\/nailted.com\/blog\/es\/como-medir-el-clima-laboral\/#article\",\"isPartOf\":{\"@id\":\"https:\/\/nailted.com\/blog\/es\/como-medir-el-clima-laboral\/\"},\"author\":{\"name\":\"Laura Hern\u00e1ndez\",\"@id\":\"https:\/\/nailted.com\/blog\/#\/schema\/person\/94c0d25d99df00c7ac6660237782ebd5\"},\"headline\":\"C\u00f3mo medir el clima laboral: 8 indicadores clave [ + Plantilla para Encuestas ]\",\"datePublished\":\"2024-07-23T12:57:10+00:00\",\"dateModified\":\"2024-12-11T13:22:30+00:00\",\"mainEntityOfPage\":{\"@id\":\"https:\/\/nailted.com\/blog\/es\/como-medir-el-clima-laboral\/\"},\"wordCount\":3702,\"publisher\":{\"@id\":\"https:\/\/nailted.com\/blog\/#organization\"},\"keywords\":[\"Clima laboral\",\"Encuesta de satisfacci\u00f3n laboral\",\"Experiencia del empleado\",\"Satisfacci\u00f3n laboral\"],\"articleSection\":[\"Employee Engagement\"],\"inLanguage\":\"es\"},{\"@type\":\"WebPage\",\"@id\":\"https:\/\/nailted.com\/blog\/es\/como-medir-el-clima-laboral\/\",\"url\":\"https:\/\/nailted.com\/blog\/es\/como-medir-el-clima-laboral\/\",\"name\":\"C\u00f3mo Medir los Indicadores de Clima laboral [ Plantilla encuesta]\",\"isPartOf\":{\"@id\":\"https:\/\/nailted.com\/blog\/#website\"},\"datePublished\":\"2024-07-23T12:57:10+00:00\",\"dateModified\":\"2024-12-11T13:22:30+00:00\",\"description\":\"Descubre c\u00f3mo medir el clima laboral y sus 8 Indicadores. Incluye una plantilla en excel con +240 preguntas para preparar tus encuestas de clima.\",\"inLanguage\":\"es\",\"potentialAction\":[{\"@type\":\"ReadAction\",\"target\":[\"https:\/\/nailted.com\/blog\/es\/como-medir-el-clima-laboral\/\"]}]},{\"@type\":\"WebSite\",\"@id\":\"https:\/\/nailted.com\/blog\/#website\",\"url\":\"https:\/\/nailted.com\/blog\/\",\"name\":\"Nailted Blog\",\"description\":\"\",\"publisher\":{\"@id\":\"https:\/\/nailted.com\/blog\/#organization\"},\"potentialAction\":[{\"@type\":\"SearchAction\",\"target\":{\"@type\":\"EntryPoint\",\"urlTemplate\":\"https:\/\/nailted.com\/blog\/?s={search_term_string}\"},\"query-input\":\"required name=search_term_string\"}],\"inLanguage\":\"es\"},{\"@type\":\"Organization\",\"@id\":\"https:\/\/nailted.com\/blog\/#organization\",\"name\":\"Nailted Blog\",\"url\":\"https:\/\/nailted.com\/blog\/\",\"logo\":{\"@type\":\"ImageObject\",\"inLanguage\":\"es\",\"@id\":\"https:\/\/nailted.com\/blog\/#\/schema\/logo\/image\/\",\"url\":\"https:\/\/nailted.com\/blog\/wp-content\/uploads\/2020\/04\/blue@3x.svg\",\"contentUrl\":\"https:\/\/nailted.com\/blog\/wp-content\/uploads\/2020\/04\/blue@3x.svg\",\"width\":125,\"height\":31,\"caption\":\"Nailted Blog\"},\"image\":{\"@id\":\"https:\/\/nailted.com\/blog\/#\/schema\/logo\/image\/\"},\"sameAs\":[\"https:\/\/www.facebook.com\/nailted\/\",\"https:\/\/twitter.com\/_nailted\",\"https:\/\/www.linkedin.com\/company\/nailted\/\"]},{\"@type\":\"Person\",\"@id\":\"https:\/\/nailted.com\/blog\/#\/schema\/person\/94c0d25d99df00c7ac6660237782ebd5\",\"name\":\"Laura Hern\u00e1ndez\",\"image\":{\"@type\":\"ImageObject\",\"inLanguage\":\"es\",\"@id\":\"https:\/\/nailted.com\/blog\/#\/schema\/person\/image\/\",\"url\":\"https:\/\/secure.gravatar.com\/avatar\/b85b27b9986719a264963899a87b96de?s=96&d=mm&r=g\",\"contentUrl\":\"https:\/\/secure.gravatar.com\/avatar\/b85b27b9986719a264963899a87b96de?s=96&d=mm&r=g\",\"caption\":\"Laura Hern\u00e1ndez\"}}]}<\/script>\n<!-- \/ Yoast SEO plugin. -->","yoast_head_json":{"title":"C\u00f3mo Medir los Indicadores de Clima laboral [ Plantilla encuesta]","description":"Descubre c\u00f3mo medir el clima laboral y sus 8 Indicadores. Incluye una plantilla en excel con +240 preguntas para preparar tus encuestas de clima.","robots":{"index":"index","follow":"follow","max-snippet":"max-snippet:-1","max-image-preview":"max-image-preview:large","max-video-preview":"max-video-preview:-1"},"canonical":"https:\/\/nailted.com\/blog\/es\/como-medir-el-clima-laboral\/","og_locale":"es_ES","og_type":"article","og_title":"C\u00f3mo Medir los Indicadores de Clima laboral [ Plantilla encuesta]","og_description":"Descubre c\u00f3mo medir el clima laboral y sus 8 Indicadores. Incluye una plantilla en excel con +240 preguntas para preparar tus encuestas de clima.","og_url":"https:\/\/nailted.com\/blog\/es\/como-medir-el-clima-laboral\/","article_publisher":"https:\/\/www.facebook.com\/nailted\/","article_published_time":"2024-07-23T12:57:10+00:00","article_modified_time":"2024-12-11T13:22:30+00:00","og_image":[{"width":1024,"height":682,"url":"https:\/\/nailted.com\/blog\/wp-content\/uploads\/2024\/07\/Ima\u0301genes-blog-1024x682-1.jpg","type":"image\/jpeg"}],"author":"Laura Hern\u00e1ndez","twitter_card":"summary_large_image","twitter_image":"https:\/\/nailted.com\/blog\/wp-content\/uploads\/2020\/06\/Twitter-NegFeedback.jpg","twitter_creator":"@_nailted","twitter_site":"@_nailted","twitter_misc":{"Escrito por":"Laura Hern\u00e1ndez","Tiempo de lectura":"18 minutos"},"schema":{"@context":"https:\/\/schema.org","@graph":[{"@type":"Article","@id":"https:\/\/nailted.com\/blog\/es\/como-medir-el-clima-laboral\/#article","isPartOf":{"@id":"https:\/\/nailted.com\/blog\/es\/como-medir-el-clima-laboral\/"},"author":{"name":"Laura Hern\u00e1ndez","@id":"https:\/\/nailted.com\/blog\/#\/schema\/person\/94c0d25d99df00c7ac6660237782ebd5"},"headline":"C\u00f3mo medir el clima laboral: 8 indicadores clave [ + Plantilla para Encuestas ]","datePublished":"2024-07-23T12:57:10+00:00","dateModified":"2024-12-11T13:22:30+00:00","mainEntityOfPage":{"@id":"https:\/\/nailted.com\/blog\/es\/como-medir-el-clima-laboral\/"},"wordCount":3702,"publisher":{"@id":"https:\/\/nailted.com\/blog\/#organization"},"keywords":["Clima laboral","Encuesta de satisfacci\u00f3n laboral","Experiencia del empleado","Satisfacci\u00f3n laboral"],"articleSection":["Employee Engagement"],"inLanguage":"es"},{"@type":"WebPage","@id":"https:\/\/nailted.com\/blog\/es\/como-medir-el-clima-laboral\/","url":"https:\/\/nailted.com\/blog\/es\/como-medir-el-clima-laboral\/","name":"C\u00f3mo Medir los Indicadores de Clima laboral [ Plantilla encuesta]","isPartOf":{"@id":"https:\/\/nailted.com\/blog\/#website"},"datePublished":"2024-07-23T12:57:10+00:00","dateModified":"2024-12-11T13:22:30+00:00","description":"Descubre c\u00f3mo medir el clima laboral y sus 8 Indicadores. Incluye una plantilla en excel con +240 preguntas para preparar tus encuestas de clima.","inLanguage":"es","potentialAction":[{"@type":"ReadAction","target":["https:\/\/nailted.com\/blog\/es\/como-medir-el-clima-laboral\/"]}]},{"@type":"WebSite","@id":"https:\/\/nailted.com\/blog\/#website","url":"https:\/\/nailted.com\/blog\/","name":"Nailted Blog","description":"","publisher":{"@id":"https:\/\/nailted.com\/blog\/#organization"},"potentialAction":[{"@type":"SearchAction","target":{"@type":"EntryPoint","urlTemplate":"https:\/\/nailted.com\/blog\/?s={search_term_string}"},"query-input":"required name=search_term_string"}],"inLanguage":"es"},{"@type":"Organization","@id":"https:\/\/nailted.com\/blog\/#organization","name":"Nailted Blog","url":"https:\/\/nailted.com\/blog\/","logo":{"@type":"ImageObject","inLanguage":"es","@id":"https:\/\/nailted.com\/blog\/#\/schema\/logo\/image\/","url":"https:\/\/nailted.com\/blog\/wp-content\/uploads\/2020\/04\/blue@3x.svg","contentUrl":"https:\/\/nailted.com\/blog\/wp-content\/uploads\/2020\/04\/blue@3x.svg","width":125,"height":31,"caption":"Nailted Blog"},"image":{"@id":"https:\/\/nailted.com\/blog\/#\/schema\/logo\/image\/"},"sameAs":["https:\/\/www.facebook.com\/nailted\/","https:\/\/twitter.com\/_nailted","https:\/\/www.linkedin.com\/company\/nailted\/"]},{"@type":"Person","@id":"https:\/\/nailted.com\/blog\/#\/schema\/person\/94c0d25d99df00c7ac6660237782ebd5","name":"Laura Hern\u00e1ndez","image":{"@type":"ImageObject","inLanguage":"es","@id":"https:\/\/nailted.com\/blog\/#\/schema\/person\/image\/","url":"https:\/\/secure.gravatar.com\/avatar\/b85b27b9986719a264963899a87b96de?s=96&d=mm&r=g","contentUrl":"https:\/\/secure.gravatar.com\/avatar\/b85b27b9986719a264963899a87b96de?s=96&d=mm&r=g","caption":"Laura Hern\u00e1ndez"}}]}},"_links":{"self":[{"href":"https:\/\/nailted.com\/blog\/wp-json\/wp\/v2\/posts\/13015"}],"collection":[{"href":"https:\/\/nailted.com\/blog\/wp-json\/wp\/v2\/posts"}],"about":[{"href":"https:\/\/nailted.com\/blog\/wp-json\/wp\/v2\/types\/post"}],"author":[{"embeddable":true,"href":"https:\/\/nailted.com\/blog\/wp-json\/wp\/v2\/users\/6"}],"replies":[{"embeddable":true,"href":"https:\/\/nailted.com\/blog\/wp-json\/wp\/v2\/comments?post=13015"}],"version-history":[{"count":21,"href":"https:\/\/nailted.com\/blog\/wp-json\/wp\/v2\/posts\/13015\/revisions"}],"predecessor-version":[{"id":14979,"href":"https:\/\/nailted.com\/blog\/wp-json\/wp\/v2\/posts\/13015\/revisions\/14979"}],"wp:featuredmedia":[{"embeddable":true,"href":"https:\/\/nailted.com\/blog\/wp-json\/wp\/v2\/media\/13017"}],"wp:attachment":[{"href":"https:\/\/nailted.com\/blog\/wp-json\/wp\/v2\/media?parent=13015"}],"wp:term":[{"taxonomy":"category","embeddable":true,"href":"https:\/\/nailted.com\/blog\/wp-json\/wp\/v2\/categories?post=13015"},{"taxonomy":"post_tag","embeddable":true,"href":"https:\/\/nailted.com\/blog\/wp-json\/wp\/v2\/tags?post=13015"},{"taxonomy":"series","embeddable":true,"href":"https:\/\/nailted.com\/blog\/wp-json\/wp\/v2\/series?post=13015"}],"curies":[{"name":"wp","href":"https:\/\/api.w.org\/{rel}","templated":true}]}}